{"id":1024,"date":"2020-04-29T09:20:54","date_gmt":"2020-04-29T07:20:54","guid":{"rendered":"http:\/\/aifonline.net\/?p=1024"},"modified":"2020-04-29T09:36:12","modified_gmt":"2020-04-29T07:36:12","slug":"serie-tv-le-complot-contre-lamerique","status":"publish","type":"post","link":"https:\/\/aifonline.net\/?p=1024","title":{"rendered":"S\u00e9rie TV : Le Complot contre l&#8217;Am\u00e9rique"},"content":{"rendered":"<p>La semaine derni\u00e8re s\u2019est termin\u00e9e la diffusion sur OCS (et sur HBO aux USA) d\u2019une remarquable mini-serie <em>&#8220;The Plot Against America&#8221;<\/em>\u00a0 adapt\u00e9 par David Simon (<em>&#8220;The Wire&#8221;<\/em>) du roman ucronique de Philippe Roth <em>&#8220;Le complot contre l\u2019Am\u00e9rique&#8221;<\/em>\u00a0dont le sujet est le suivant\u00a0:<br \/>\nLorsque le c\u00e9l\u00e8bre aviateur Charles Lindbergh battit le Pr\u00e9sident Roosevelt aux \u00e9lections pr\u00e9sidentielles de 1940, la peur s&#8217;empara des Juifs am\u00e9ricains. Non seulement Lindbergh avait, dans son discours radiophonique \u00e0 la nation, reproch\u00e9 aux juifs de pousser l&#8217;Am\u00e9rique \u00e0 entreprendre une guerre inutile avec l&#8217;Allemagne nazie, mais, en devenant trente-troisi\u00e8me Pr\u00e9sident des Etats-Unis, il s&#8217;empressa de signer un pacte de non-agression avec Hitler. Alors la terreur p\u00e9n\u00e9tra dans les foyers.<\/p>\n<figure id=\"attachment_1026\" aria-describedby=\"caption-attachment-1026\" style=\"width: 216px\" class=\"wp-caption alignnone\"><img decoding=\"async\" loading=\"lazy\" class=\"size-full wp-image-1026\" src=\"https:\/\/aifonline.net\/wp-content\/uploads\/2020\/04\/image001.jpg\" alt=\"\" width=\"216\" height=\"288\" \/><figcaption id=\"caption-attachment-1026\" class=\"wp-caption-text\">The plot against America<\/figcaption><\/figure>\n<p><strong>Fiches allocin\u00e9 de la mini-s\u00e9rie :\u00a0<\/strong><br \/>\n<a href=\"http:\/\/www.allocine.fr\/series\/ficheserie_gen_cserie=23164.html\">http:\/\/www.allocine.fr\/series\/ficheserie_gen_cserie=23164.html<\/a><br \/>\n<a href=\"http:\/\/www.allocine.fr\/article\/fichearticle_gen_carticle=18689299.html\">http:\/\/www.allocine.fr\/article\/fichearticle_gen_carticle=18689299.html<\/a><\/p>\n<figure id=\"attachment_1025\" aria-describedby=\"caption-attachment-1025\" style=\"width: 194px\" class=\"wp-caption alignnone\"><img decoding=\"async\" loading=\"lazy\" class=\"size-full wp-image-1025\" src=\"https:\/\/aifonline.net\/wp-content\/uploads\/2020\/04\/image002.jpg\" alt=\"\" width=\"194\" height=\"320\" srcset=\"https:\/\/aifonline.net\/wp-content\/uploads\/2020\/04\/image002.jpg 194w, https:\/\/aifonline.net\/wp-content\/uploads\/2020\/04\/image002-182x300.jpg 182w\" sizes=\"(max-width: 194px) 100vw, 194px\" \/><figcaption id=\"caption-attachment-1025\" class=\"wp-caption-text\">Le Complot contre l&#8217;Am\u00e9rique<\/figcaption><\/figure>\n<p>J\u2019ai commenc\u00e9 par lire le livre \u00e9crit en 2004, remarquable, puis j\u2019ai aval\u00e9 les 6 \u00e9pisodes de la s\u00e9rie, tr\u00e8s fid\u00e8les au livre.<\/p>\n<p><strong>Exrtrait de Wikipedia :<\/strong><br \/>\n<em>Le Complot contre l&#8217;Am\u00e9rique1\u00a0est une\u00a0uchronie\u00a0se d\u00e9roulant dans les\u00a0ann\u00e9es 1940\u00a0aux\u00a0\u00c9tats-Unis. Le\u00a0narrateur, qui porte le nom de Philip Roth, d\u00e9crit ses souvenirs d&#8217;enfant issu d&#8217;une famille juive du\u00a0New Jersey. En\u00a01941, le pr\u00e9sident\u00a0Franklin Delano Roosevelt\u00a0n&#8217;a pas \u00e9t\u00e9 r\u00e9\u00e9lu et c&#8217;est l&#8217;aviateur, sympathisant du r\u00e9gime\u00a0nazi\u00a0et membre du\u00a0comit\u00e9 America First,\u00a0Charles Lindbergh\u00a0qui est devenu pr\u00e9sident des \u00c9tats-Unis au terme d&#8217;une campagne teint\u00e9e d&#8217;antis\u00e9mitisme et ax\u00e9e principalement sur le refus de voir l&#8217;Am\u00e9rique prendre part au conflit qui ravage l&#8217;Europe. Une fois arriv\u00e9 au pouvoir, Lindbergh s&#8217;empresse de conclure avec\u00a0Hitler\u00a0un pacte de non-agression.<br \/>\n<\/em><em>Ce roman m\u00eale faits historiques av\u00e9r\u00e9s et \u00e9v\u00e9nements imaginaires\u00a0: les discours violemment antis\u00e9mites de Lindbergh lors de la campagne contre l&#8217;intervention des \u00c9tats-Unis dans la guerre sont authentiques. Mais sa candidature \u00e0 la pr\u00e9sidence des \u00c9tats-Unis est de l&#8217;ordre de la fiction ainsi que les \u00e9v\u00e9nements qui en d\u00e9coulent. Roth d\u00e9crit une subtile mont\u00e9e de l&#8217;antis\u00e9mitisme\u00a0au sein de la soci\u00e9t\u00e9 am\u00e9ricaine et l&#8217;inqui\u00e9tude croissante au sein de la communaut\u00e9 juive. Racont\u00e9 du point de vue d&#8217;un enfant, \u00e0 travers les \u00e9v\u00e9nements qui touchent sa famille et son voisinage, le r\u00e9cit met en sc\u00e8ne les diverses attitudes des personnages face \u00e0 la mont\u00e9e potentielle d&#8217;un\u00a0fascisme\u00a0am\u00e9ricain.<\/em><\/p>\n<p><strong>Page Wikipedia du livre\u00a0:<\/strong><br \/>\n<a href=\"https:\/\/fr.wikipedia.org\/wiki\/Le_Complot_contre_l%27Am%C3%A9rique\">https:\/\/fr.wikipedia.org\/wiki\/Le_Complot_contre_l%27Am%C3%A9rique<\/a><\/p>\n<p>Je conseille fortement ce livre \u00e0 nos soci\u00e9taires.<br \/>\nMichel ROSZEWITCH<\/p>\n","protected":false},"excerpt":{"rendered":"<p>La semaine derni\u00e8re s\u2019est termin\u00e9e la diffusion sur OCS (et sur HBO aux USA) d\u2019une remarquable mini-serie &#8220;The Plot Against<\/p>\n","protected":false},"author":1,"featured_media":0,"comment_status":"open","ping_status":"open","sticky":false,"template":"","format":"standard","meta":{"_mi_skip_tracking":false,"_exactmetrics_sitenote_active":false,"_exactmetrics_sitenote_note":"","_exactmetrics_sitenote_category":0,"footnotes":""},"categories":[1,62],"tags":[28,64,45,63],"table_tags":[],"_links":{"self":[{"href":"https:\/\/aifonline.net\/index.php?rest_route=\/wp\/v2\/posts\/1024"}],"collection":[{"href":"https:\/\/aifonline.net\/index.php?rest_route=\/wp\/v2\/posts"}],"about":[{"href":"https:\/\/aifonline.net\/index.php?rest_route=\/wp\/v2\/types\/post"}],"author":[{"embeddable":true,"href":"https:\/\/aifonline.net\/index.php?rest_route=\/wp\/v2\/users\/1"}],"replies":[{"embeddable":true,"href":"https:\/\/aifonline.net\/index.php?rest_route=%2Fwp%2Fv2%2Fcomments&post=1024"}],"version-history":[{"count":10,"href":"https:\/\/aifonline.net\/index.php?rest_route=\/wp\/v2\/posts\/1024\/revisions"}],"predecessor-version":[{"id":1039,"href":"https:\/\/aifonline.net\/index.php?rest_route=\/wp\/v2\/posts\/1024\/revisions\/1039"}],"wp:attachment":[{"href":"https:\/\/aifonline.net\/index.php?rest_route=%2Fwp%2Fv2%2Fmedia&parent=1024"}],"wp:term":[{"taxonomy":"category","embeddable":true,"href":"https:\/\/aifonline.net\/index.php?rest_route=%2Fwp%2Fv2%2Fcategories&post=1024"},{"taxonomy":"post_tag","embeddable":true,"href":"https:\/\/aifonline.net\/index.php?rest_route=%2Fwp%2Fv2%2Ftags&post=1024"},{"taxonomy":"table_tags","embeddable":true,"href":"https:\/\/aifonline.net\/index.php?rest_route=%2Fwp%2Fv2%2Ftable_tags&post=1024"}],"curies":[{"name":"wp","href":"https:\/\/api.w.org\/{rel}","templated":true}]}}