{"id":1093,"date":"2020-05-29T08:06:20","date_gmt":"2020-05-29T06:06:20","guid":{"rendered":"http:\/\/aifonline.net\/?p=1093"},"modified":"2020-06-08T22:52:35","modified_gmt":"2020-06-08T20:52:35","slug":"de-mon-temps","status":"publish","type":"post","link":"https:\/\/aifonline.net\/?p=1093","title":{"rendered":"De mon temps\u2026"},"content":{"rendered":"<p>Je faisais souvent une moue boudeuse quand ils me disaient\u2026 de mon temps.<br \/>\nC\u2019est vrai que j\u2019en avais un peu marre d\u2019entendre nos anciens ressasser cette expression\u00a0\u00ab\u00a0de mon temps\u00a0\u00bb, j\u2019avais l\u2019impression qu\u2019on me reprochait d\u2019\u00eatre n\u00e9 apr\u00e8s la guerre.<br \/>\nMais il n\u2019y a pas si longtemps, \u00e9voquant le Covid-19, le pr\u00e9sident de la R\u00e9publique nous apprenait qu\u2019on \u00e9tait en guerre. Les semaines passent, nous sommes confin\u00e9s puis d\u00e9confin\u00e9s et \u00e0 bien se tenir sous peine d\u2019\u00eatre \u00e0 nouveau confin\u00e9s.<br \/>\nTout cela m\u2019interpelle, j\u2019ai bien envie \u00e0 mon tour de m\u2019autoriser \u00e0 dire \u00ab\u00a0de mon temps\u00a0\u00bb en parlant d\u2019un temps que les moins de cinquante ans n\u2019ont pas pu conna\u00eetre.<br \/>\nMais oui il m\u2019est arriv\u00e9 lorsque j\u2019\u00e9tais bien plus jeune de saluer une femme en lui faisant part de mon ravissement de la rencontrer, je lui proposais m\u00eame de ne pas se d\u00e9ganter. Aujourd\u2019hui, la m\u00eame femme ne se ganterait sans doute pas, \u00e0 tort, et me saluerait d\u2019un coup de coude ou de talon aiguille.<br \/>\nOui de mon temps quand je me rendais \u00e0 mon lyc\u00e9e Jacques-Decour, il y avait des poin\u00e7onneuses au sourire du matin dans ce m\u00e9tro o\u00f9 je suis d\u00e9sormais convi\u00e9 \u00e0 un bal masqu\u00e9.<br \/>\nOui de mon temps on ne se lavait pas les mains autant de fois par jour si bien qu\u2019aujourd\u2019hui je ne sais m\u00eame plus si je mets du gel sur mes mains ou si j\u2019applique mes mains sur du gel.<br \/>\nAh de mon temps ma grand-m\u00e8re Rachel m\u2019attendait sur le quai de la gare \u00e0 Menton et je savais que le soir j\u2019allais me jeter sur un morceau de pied de veau en gel\u00e9e ou sur du foie hach\u00e9. Aujourd\u2019hui, Rachel ma petite-fille m\u2019attend de pied ferme sur le pas de sa porte et je sais que dans mes pas il y aura un livreur de pizzas.<br \/>\nDe mon temps, je respirais en fl\u00e2nant, je profitais en musardant, j\u2019allais o\u00f9 bon me semblait avec ardeur, joie et libert\u00e9 et maintenant on me pr\u00e9vient qu\u2019avec le Covid-19 il y aura un avant et un apr\u00e8s. On me pr\u00e9cise m\u00eame qu\u2019au-del\u00e0 d\u2019une certaine distance, je dois \u00eatre motiv\u00e9, une distance \u00e0 vol d\u2019oiseau. Mais suis-je un oiseau et d\u2019abord quel oiseau fait r\u00e9f\u00e9rence\u00a0? Un migrateur qui prend toujours le m\u00eame chemin, un non migrateur qui s\u2019arr\u00eate pour casser la cro\u00fbte sur le parking d\u2019un routier sympa\u00a0? Ou un semi migrateur comme le merle qui prendra un chemin d\u00e9tourn\u00e9, attir\u00e9 par le chant d\u2019une merlette aguicheuse\u00a0?<br \/>\nEt c&#8217;est bien de mon temps que je courtisais une jeune fille de 17 ans pas davantage, une jolie poup\u00e9e de vitrine, qui allait devenir un an plus tard mon \u00e9pouse, je l\u2019emmenais au Drugstore de Saint-Gemain des Pr\u00e9s, quel souvenir magnifique, elle \u00e9tait toute assortie, m\u00eame couleur trois en un,<br \/>\nle petit manteau, le rouge \u00e0 l\u00e8vres et la grenadine, j\u2019y repense souvent surtout quand on sait qu\u2019il n\u2019y a d\u00e9j\u00e0 plus d\u2019apr\u00e8s \u00e0 Saint-Germain des Pr\u00e9s.<br \/>\nAllez, si D.ieu veut la vie reprendra force et vigueur mais c\u2019\u00e9tait quand m\u00eame\u2026 le bon vieux temps.<\/p>\n<p><strong>Alain Kaminski<\/strong><br \/>\nRueil-Malmaison<\/p>\n","protected":false},"excerpt":{"rendered":"<p>Je faisais souvent une moue boudeuse quand ils me disaient\u2026 de mon temps. C\u2019est vrai que j\u2019en avais un peu<\/p>\n","protected":false},"author":1,"featured_media":0,"comment_status":"open","ping_status":"open","sticky":false,"template":"","format":"standard","meta":{"_mi_skip_tracking":false,"_exactmetrics_sitenote_active":false,"_exactmetrics_sitenote_note":"","_exactmetrics_sitenote_category":0,"footnotes":""},"categories":[4],"tags":[66,65],"table_tags":[],"_links":{"self":[{"href":"https:\/\/aifonline.net\/index.php?rest_route=\/wp\/v2\/posts\/1093"}],"collection":[{"href":"https:\/\/aifonline.net\/index.php?rest_route=\/wp\/v2\/posts"}],"about":[{"href":"https:\/\/aifonline.net\/index.php?rest_route=\/wp\/v2\/types\/post"}],"author":[{"embeddable":true,"href":"https:\/\/aifonline.net\/index.php?rest_route=\/wp\/v2\/users\/1"}],"replies":[{"embeddable":true,"href":"https:\/\/aifonline.net\/index.php?rest_route=%2Fwp%2Fv2%2Fcomments&post=1093"}],"version-history":[{"count":1,"href":"https:\/\/aifonline.net\/index.php?rest_route=\/wp\/v2\/posts\/1093\/revisions"}],"predecessor-version":[{"id":1094,"href":"https:\/\/aifonline.net\/index.php?rest_route=\/wp\/v2\/posts\/1093\/revisions\/1094"}],"wp:attachment":[{"href":"https:\/\/aifonline.net\/index.php?rest_route=%2Fwp%2Fv2%2Fmedia&parent=1093"}],"wp:term":[{"taxonomy":"category","embeddable":true,"href":"https:\/\/aifonline.net\/index.php?rest_route=%2Fwp%2Fv2%2Fcategories&post=1093"},{"taxonomy":"post_tag","embeddable":true,"href":"https:\/\/aifonline.net\/index.php?rest_route=%2Fwp%2Fv2%2Ftags&post=1093"},{"taxonomy":"table_tags","embeddable":true,"href":"https:\/\/aifonline.net\/index.php?rest_route=%2Fwp%2Fv2%2Ftable_tags&post=1093"}],"curies":[{"name":"wp","href":"https:\/\/api.w.org\/{rel}","templated":true}]}}