{"id":1236,"date":"2020-07-13T13:09:56","date_gmt":"2020-07-13T11:09:56","guid":{"rendered":"http:\/\/aifonline.net\/?p=1236"},"modified":"2020-07-13T13:09:19","modified_gmt":"2020-07-13T11:09:19","slug":"yohann-roszewitch-elu-au-poste-dadjoint-au-maire-de-paris-centre","status":"publish","type":"post","link":"https:\/\/aifonline.net\/?p=1236","title":{"rendered":"Yohann Roszewitch \u00e9lu au poste d&#8217;Adjoint au Maire de Paris Centre"},"content":{"rendered":"<p>Les Amis Isra\u00e9lites de France f\u00e9licitent Yohann Roszewitch, le fils de nos soci\u00e9taires G\u00e9rard et Claude Roszewitch, le petit-fils de feu Simon Roszewitch et d&#8217;Esther, pour son \u00e9lection au poste d&#8217;Adjoint au Maire de Paris Centre, charg\u00e9 de la vie associative, de la lutte contre les discriminations, de la M\u00e9moire et du Patrimoine.<br \/>\nParis Centre regroupe les 1er, 2\u00e8me, 3\u00e8me et 4\u00e8me anciens arrondissements de Paris, nous aurons l&#8217;occasion de retrouver souvent Yohann au Mus\u00e9e d&#8217;Art et d&#8217;Histoire du Juda\u00efsme, au M\u00e9morial de la Shoah, et de le recevoir \u00e0 la F\u00e9d\u00e9ration des Soci\u00e9t\u00e9s Juives de France, dans le cadre de sa d\u00e9l\u00e9gation.<br \/>\nNous avons vu grandir Yohann, un homme formidable, un Roszewitch comme le rappellent son p\u00e8re et son oncle Michel notre secr\u00e9taire.<br \/>\nNous sommes tr\u00e8s fiers et tr\u00e8s heureux et pour celles et ceux qui connaissent bien les Roszewitch, tr\u00e8s \u00e9mus.<\/p>\n<p><img decoding=\"async\" loading=\"lazy\" class=\"alignleft size-large wp-image-1238\" src=\"https:\/\/aifonline.net\/wp-content\/uploads\/2020\/07\/yohann_roszewitch-834x1024.jpeg\" alt=\"\" width=\"834\" height=\"1024\" srcset=\"https:\/\/aifonline.net\/wp-content\/uploads\/2020\/07\/yohann_roszewitch.jpeg 834w, https:\/\/aifonline.net\/wp-content\/uploads\/2020\/07\/yohann_roszewitch-244x300.jpeg 244w, https:\/\/aifonline.net\/wp-content\/uploads\/2020\/07\/yohann_roszewitch-768x943.jpeg 768w\" sizes=\"(max-width: 834px) 100vw, 834px\" \/><\/p>\n","protected":false},"excerpt":{"rendered":"<p>Les Amis Isra\u00e9lites de France f\u00e9licitent Yohann Roszewitch, le fils de nos soci\u00e9taires G\u00e9rard et Claude Roszewitch, le petit-fils de<\/p>\n","protected":false},"author":1,"featured_media":0,"comment_status":"open","ping_status":"open","sticky":false,"template":"","format":"standard","meta":{"_mi_skip_tracking":false,"_exactmetrics_sitenote_active":false,"_exactmetrics_sitenote_note":"","_exactmetrics_sitenote_category":0,"footnotes":""},"categories":[70],"tags":[47,45],"table_tags":[],"_links":{"self":[{"href":"https:\/\/aifonline.net\/index.php?rest_route=\/wp\/v2\/posts\/1236"}],"collection":[{"href":"https:\/\/aifonline.net\/index.php?rest_route=\/wp\/v2\/posts"}],"about":[{"href":"https:\/\/aifonline.net\/index.php?rest_route=\/wp\/v2\/types\/post"}],"author":[{"embeddable":true,"href":"https:\/\/aifonline.net\/index.php?rest_route=\/wp\/v2\/users\/1"}],"replies":[{"embeddable":true,"href":"https:\/\/aifonline.net\/index.php?rest_route=%2Fwp%2Fv2%2Fcomments&post=1236"}],"version-history":[{"count":2,"href":"https:\/\/aifonline.net\/index.php?rest_route=\/wp\/v2\/posts\/1236\/revisions"}],"predecessor-version":[{"id":1239,"href":"https:\/\/aifonline.net\/index.php?rest_route=\/wp\/v2\/posts\/1236\/revisions\/1239"}],"wp:attachment":[{"href":"https:\/\/aifonline.net\/index.php?rest_route=%2Fwp%2Fv2%2Fmedia&parent=1236"}],"wp:term":[{"taxonomy":"category","embeddable":true,"href":"https:\/\/aifonline.net\/index.php?rest_route=%2Fwp%2Fv2%2Fcategories&post=1236"},{"taxonomy":"post_tag","embeddable":true,"href":"https:\/\/aifonline.net\/index.php?rest_route=%2Fwp%2Fv2%2Ftags&post=1236"},{"taxonomy":"table_tags","embeddable":true,"href":"https:\/\/aifonline.net\/index.php?rest_route=%2Fwp%2Fv2%2Ftable_tags&post=1236"}],"curies":[{"name":"wp","href":"https:\/\/api.w.org\/{rel}","templated":true}]}}