{"id":1247,"date":"2020-07-27T00:02:10","date_gmt":"2020-07-26T22:02:10","guid":{"rendered":"http:\/\/aifonline.net\/?p=1247"},"modified":"2020-08-04T07:35:26","modified_gmt":"2020-08-04T05:35:26","slug":"hommage-a-claude-gerard-marcus","status":"publish","type":"post","link":"https:\/\/aifonline.net\/?p=1247","title":{"rendered":"Hommage \u00e0 Claude-G\u00e9rard Marcus"},"content":{"rendered":"<p>Nous apprenons avec tristesse le d\u00e9c\u00e8s de notre ami Claude-G\u00e9rard Marcus survenu \u00e0 Paris \u00e0 l&#8217;\u00e2ge de 87 ans.<br \/>\nClaude-G\u00e9rard Marcus fut d\u00e9put\u00e9 de Paris, aur\u00e9ol\u00e9 de sept mandats, il fut membre honoraire du Parlement.<br \/>\nIl fut quelques d\u00e9cennies durant Conseiller de Paris, adjoint au Maire de Paris et pendant six ans Maire du X\u00e8me arrondissement.<br \/>\nIl \u00e9tait surtout le p\u00e8re du Mus\u00e9e d&#8217;Art et d&#8217;Histoire du Juda\u00efsme, le MAHJ, c&#8217;\u00e9tait son b\u00e9b\u00e9, il le voulait depuis toujours ce Mus\u00e9e dont il fut Pr\u00e9sident du Conseil d&#8217;Administration.<br \/>\nJe connaissais bien Claude-G\u00e9rard Marcus, grand amateur d&#8217;art, gal\u00e9riste dont le p\u00e8re m\u00e9decin \u00e9tait d\u00e9j\u00e0 marchand d&#8217;art.<br \/>\nClaude-G\u00e9rard Marcus \u00e9tait un proche, un fid\u00e8le des Amis isra\u00e9lites de France dont il ne manquait jamais un banquet \u00e0 une \u00e9poque o\u00f9 les banquets c&#8217;\u00e9tait tendance. Et \u00e0 chaque banquet, il remettait aux membres du Bureau la M\u00e9daille de la Ville de Paris au nom du Maire de Paris.<br \/>\nJe lui ai rendu visite il y a seulement quelques mois, il \u00e9tait physiquement tr\u00e8s diminu\u00e9, il se plaignait \u00e0 juste titre de ne plus avoir de nouvelles de tant de personnes, tant d&#8217;\u00e9lus qui lui devaient beaucoup, parfois leur carri\u00e8re, ce \u00e0 quoi je lui r\u00e9pondis que le monde politique qu&#8217;il avait bien connu n&#8217;avait certainement pas chang\u00e9.<br \/>\nC&#8217;\u00e9tait \u00e0 la Fondation Rothschild \u00e0 Paris, son avant-derni\u00e8re demeure.<br \/>\nRepose en paix, ami.<\/p>\n","protected":false},"excerpt":{"rendered":"<p>Nous apprenons avec tristesse le d\u00e9c\u00e8s de notre ami Claude-G\u00e9rard Marcus survenu \u00e0 Paris \u00e0 l&#8217;\u00e2ge de 87 ans. Claude-G\u00e9rard<\/p>\n","protected":false},"author":1,"featured_media":0,"comment_status":"open","ping_status":"open","sticky":false,"template":"","format":"standard","meta":{"_mi_skip_tracking":false,"_exactmetrics_sitenote_active":false,"_exactmetrics_sitenote_note":"","_exactmetrics_sitenote_category":0,"footnotes":""},"categories":[2],"tags":[56,18,45],"table_tags":[],"_links":{"self":[{"href":"https:\/\/aifonline.net\/index.php?rest_route=\/wp\/v2\/posts\/1247"}],"collection":[{"href":"https:\/\/aifonline.net\/index.php?rest_route=\/wp\/v2\/posts"}],"about":[{"href":"https:\/\/aifonline.net\/index.php?rest_route=\/wp\/v2\/types\/post"}],"author":[{"embeddable":true,"href":"https:\/\/aifonline.net\/index.php?rest_route=\/wp\/v2\/users\/1"}],"replies":[{"embeddable":true,"href":"https:\/\/aifonline.net\/index.php?rest_route=%2Fwp%2Fv2%2Fcomments&post=1247"}],"version-history":[{"count":1,"href":"https:\/\/aifonline.net\/index.php?rest_route=\/wp\/v2\/posts\/1247\/revisions"}],"predecessor-version":[{"id":1248,"href":"https:\/\/aifonline.net\/index.php?rest_route=\/wp\/v2\/posts\/1247\/revisions\/1248"}],"wp:attachment":[{"href":"https:\/\/aifonline.net\/index.php?rest_route=%2Fwp%2Fv2%2Fmedia&parent=1247"}],"wp:term":[{"taxonomy":"category","embeddable":true,"href":"https:\/\/aifonline.net\/index.php?rest_route=%2Fwp%2Fv2%2Fcategories&post=1247"},{"taxonomy":"post_tag","embeddable":true,"href":"https:\/\/aifonline.net\/index.php?rest_route=%2Fwp%2Fv2%2Ftags&post=1247"},{"taxonomy":"table_tags","embeddable":true,"href":"https:\/\/aifonline.net\/index.php?rest_route=%2Fwp%2Fv2%2Ftable_tags&post=1247"}],"curies":[{"name":"wp","href":"https:\/\/api.w.org\/{rel}","templated":true}]}}