{"id":1357,"date":"2020-09-11T16:16:37","date_gmt":"2020-09-11T14:16:37","guid":{"rendered":"http:\/\/aifonline.net\/?p=1357"},"modified":"2020-09-11T21:41:35","modified_gmt":"2020-09-11T19:41:35","slug":"1357","status":"publish","type":"post","link":"https:\/\/aifonline.net\/?p=1357","title":{"rendered":"Concert classique en vid\u00e9o"},"content":{"rendered":"<p>Ya\u00efr Bena\u00efm, bien connu de certains de nos membres, partage avec vous son dernier concert en vid\u00e9o, sur sa cha\u00eene Youtube.<br \/>\nAu menu \u00ab Les airs boh\u00e9miens\u00a0\u00bb pour violon et orchestre dans un arrangement in\u00e9dit d\u2019Isabelle Etinger pour violon et guitare.<br \/>\nEn ces temps o\u00f9 les concerts traditionnels sont chose impossible, voici une fa\u00e7on simple de garder un contact avec le monde des arts.<\/p>\n<p><iframe loading=\"lazy\" width=\"910\" height=\"512\" src=\"https:\/\/www.youtube.com\/embed\/vwOCKsF0cU8?feature=oembed\" frameborder=\"0\" allow=\"accelerometer; autoplay; encrypted-media; gyroscope; picture-in-picture\" allowfullscreen><\/iframe><\/p>\n<p>Ne manquez plus aucun des concerts de Ya\u00efr Bena\u00efm, en cliquant sur le bouton rouge\u00a0<strong>S&#8217;ABONNER<\/strong> de sa page Youtube vous recevrez des notifications de ses nouvelles vid\u00e9os.<br \/>\n<a href=\"https:\/\/www.youtube.com\/channel\/UCJAwLxUkI8eZB5v3ngMuSRg\/featured\">https:\/\/www.youtube.com\/channel\/UCJAwLxUkI8eZB5v3ngMuSRg\/featured<\/a><\/p>\n","protected":false},"excerpt":{"rendered":"<p>Ya\u00efr Bena\u00efm, bien connu de certains de nos membres, partage avec vous son dernier concert en vid\u00e9o, sur sa cha\u00eene<\/p>\n","protected":false},"author":1,"featured_media":0,"comment_status":"open","ping_status":"open","sticky":false,"template":"","format":"standard","meta":{"_mi_skip_tracking":false,"_exactmetrics_sitenote_active":false,"_exactmetrics_sitenote_note":"","_exactmetrics_sitenote_category":0,"footnotes":""},"categories":[71],"tags":[27],"table_tags":[],"_links":{"self":[{"href":"https:\/\/aifonline.net\/index.php?rest_route=\/wp\/v2\/posts\/1357"}],"collection":[{"href":"https:\/\/aifonline.net\/index.php?rest_route=\/wp\/v2\/posts"}],"about":[{"href":"https:\/\/aifonline.net\/index.php?rest_route=\/wp\/v2\/types\/post"}],"author":[{"embeddable":true,"href":"https:\/\/aifonline.net\/index.php?rest_route=\/wp\/v2\/users\/1"}],"replies":[{"embeddable":true,"href":"https:\/\/aifonline.net\/index.php?rest_route=%2Fwp%2Fv2%2Fcomments&post=1357"}],"version-history":[{"count":12,"href":"https:\/\/aifonline.net\/index.php?rest_route=\/wp\/v2\/posts\/1357\/revisions"}],"predecessor-version":[{"id":1370,"href":"https:\/\/aifonline.net\/index.php?rest_route=\/wp\/v2\/posts\/1357\/revisions\/1370"}],"wp:attachment":[{"href":"https:\/\/aifonline.net\/index.php?rest_route=%2Fwp%2Fv2%2Fmedia&parent=1357"}],"wp:term":[{"taxonomy":"category","embeddable":true,"href":"https:\/\/aifonline.net\/index.php?rest_route=%2Fwp%2Fv2%2Fcategories&post=1357"},{"taxonomy":"post_tag","embeddable":true,"href":"https:\/\/aifonline.net\/index.php?rest_route=%2Fwp%2Fv2%2Ftags&post=1357"},{"taxonomy":"table_tags","embeddable":true,"href":"https:\/\/aifonline.net\/index.php?rest_route=%2Fwp%2Fv2%2Ftable_tags&post=1357"}],"curies":[{"name":"wp","href":"https:\/\/api.w.org\/{rel}","templated":true}]}}