{"id":1460,"date":"2020-11-17T12:28:54","date_gmt":"2020-11-17T11:28:54","guid":{"rendered":"http:\/\/aifonline.net\/?p=1460"},"modified":"2020-11-17T14:38:49","modified_gmt":"2020-11-17T13:38:49","slug":"un-jour-un-rabbin-me-disait","status":"publish","type":"post","link":"https:\/\/aifonline.net\/?p=1460","title":{"rendered":"Billet : Erreur de pr\u00e9nom"},"content":{"rendered":"<p><em><strong>par Alain Kaminski<\/strong><\/em><\/p>\n<p>Un jour un rabbin me disait que dans la religion juive il fallait toujours se poser des questions, qu\u2019on n\u2019avait pas forc\u00e9ment les r\u00e9ponses parce que nous devions toujours attacher beaucoup d\u2019importance \u00e0 l\u2019interpr\u00e9tation.<br \/>\nDepuis ce jour je m\u2019interroge sur beaucoup de choses li\u00e9es aux dispositions de la nature humaine, parfois je m\u2019attarde \u00e0 des futilit\u00e9s, j\u2019en viens m\u00eame \u00e0 me demander si, comme on dit, je n\u2019avais pas la critique un peu trop facile.<br \/>\nMais ces derniers temps, je passais devant une s\u00e9pulture du cimeti\u00e8re parisien de Bagneux et je lisais sur une pierre tombale le nom et le pr\u00e9nom d\u2019un d\u00e9funt pr\u00e9c\u00e9d\u00e9s de Docteur. J\u2019\u00e9tais constern\u00e9, moi qui pensais que nous retournions tous \u00e0 la poussi\u00e8re, moi qui pensais que la mort devait nous placer sous le niveau de l\u2019\u00e9galit\u00e9 la plus parfaite. Je cherchais mes mots, mais face \u00e0 la mort je me devais de faire abstraction de tous ces qualificatifs que j\u2019avais en t\u00eate, pr\u00eat \u00e0 les l\u00e2cher, modestie, d\u00e9cence, retenue, humilit\u00e9, simplicit\u00e9 et bien d\u2019autres encore.<br \/>\nAussi, je me demandais m\u00eame si un jour on ne finirait pas par graver \u00e0 la feuille d\u2019or sur une st\u00e8le ou une pierre tombale en granit du Tarn\u2026 conventionn\u00e9 secteur 2, sur rendez-vous uniquement.<br \/>\nCette distanciation sociale que certains veulent vivre apr\u00e8s leur mort, certes souvent souhait\u00e9e par les familles, correspond-elle \u00e0 cette diversit\u00e9 qui fait la richesse de notre Communaut\u00e9\u00a0? Sauf avoir \u00e9t\u00e9 affubl\u00e9s du pr\u00e9nom de \u00ab\u00a0docteur\u00a0\u00bb \u00e0 leur naissance, il m\u2019est malheureusement arriv\u00e9 de rencontrer des m\u00e9decins vous serrant la main en faisant pr\u00e9c\u00e9der leur patronyme de \u00ab\u00a0Docteur\u00a0\u00bb si bien qu\u2019une vie enti\u00e8re vous laisse ignorer leur v\u00e9ritable pr\u00e9nom. C\u2019est \u00e0 se demander si certains ont l\u2019occasion de le prononcer au cours des d\u00e9cennies qui ont suivi la fin de leurs \u00e9tudes de m\u00e9decine.<br \/>\nMais qu\u2019est-ce qu\u2019on a fait au bon dieu pour voir cela, pour voir par ailleurs le militantisme des membres de la Communaut\u00e9 juive se transformer en conf\u00e9d\u00e9ration syndicale jusqu\u2019\u00e0 conserver jalousement un statut social pour sa derni\u00e8re demeure.<br \/>\nOh je n\u2019ai rien contre les m\u00e9decins mais vraiment rien, qu\u2019on se le persuade, et avec le petit comprim\u00e9 que je prends chaque matin pour ma tension je leur dois sans doute la vie, qu\u2019on se le dise\u00a0! Mais de gr\u00e2ce, un peu d\u2019humilit\u00e9 sur les parvis des cabinets m\u00e9dicaux ne nuirait \u00e0 personne.<br \/>\nIl y avait avant la guerre de magnifiques associations dont j\u2019ai vu r\u00e9cemment les s\u00e9pultures collectives dans ce m\u00eame cimeti\u00e8re parisien de Bagneux, des associations qui avaient fait tant de bien autour d\u2019elles, tant de social, L\u2019Amicale des marchands forains, l\u2019Amicale des boulangers juifs de France, le Carreau du Temple et bien d\u2019autres encore et chaque membre \u00e0 cette \u00e9poque se pr\u00e9sentait \u2026 avec son pr\u00e9nom, Yankel, Schlo\u00efm\u00e9 ou Mordeha\u00ef. Le\u00e7on de fraternit\u00e9 peut-\u00eatre.<br \/>\nJe sais qu\u2019un jour un rabbin m\u2019apportera une r\u00e9ponse et que j\u2019aurai l\u2019occasion d\u2019y apporter une interpr\u00e9tation. Mais pour l&#8217;heure il me semble qu\u2019un travail sur soi-m\u00eame devrait permettre \u00e0 chacun de se regarder devant un miroir, il pourrait y voir ainsi son propre ennemi.<\/p>\n","protected":false},"excerpt":{"rendered":"<p>par Alain Kaminski Un jour un rabbin me disait que dans la religion juive il fallait toujours se poser des<\/p>\n","protected":false},"author":1,"featured_media":0,"comment_status":"open","ping_status":"open","sticky":false,"template":"","format":"standard","meta":{"_mi_skip_tracking":false,"_exactmetrics_sitenote_active":false,"_exactmetrics_sitenote_note":"","_exactmetrics_sitenote_category":0,"footnotes":""},"categories":[4],"tags":[],"table_tags":[],"_links":{"self":[{"href":"https:\/\/aifonline.net\/index.php?rest_route=\/wp\/v2\/posts\/1460"}],"collection":[{"href":"https:\/\/aifonline.net\/index.php?rest_route=\/wp\/v2\/posts"}],"about":[{"href":"https:\/\/aifonline.net\/index.php?rest_route=\/wp\/v2\/types\/post"}],"author":[{"embeddable":true,"href":"https:\/\/aifonline.net\/index.php?rest_route=\/wp\/v2\/users\/1"}],"replies":[{"embeddable":true,"href":"https:\/\/aifonline.net\/index.php?rest_route=%2Fwp%2Fv2%2Fcomments&post=1460"}],"version-history":[{"count":5,"href":"https:\/\/aifonline.net\/index.php?rest_route=\/wp\/v2\/posts\/1460\/revisions"}],"predecessor-version":[{"id":1531,"href":"https:\/\/aifonline.net\/index.php?rest_route=\/wp\/v2\/posts\/1460\/revisions\/1531"}],"wp:attachment":[{"href":"https:\/\/aifonline.net\/index.php?rest_route=%2Fwp%2Fv2%2Fmedia&parent=1460"}],"wp:term":[{"taxonomy":"category","embeddable":true,"href":"https:\/\/aifonline.net\/index.php?rest_route=%2Fwp%2Fv2%2Fcategories&post=1460"},{"taxonomy":"post_tag","embeddable":true,"href":"https:\/\/aifonline.net\/index.php?rest_route=%2Fwp%2Fv2%2Ftags&post=1460"},{"taxonomy":"table_tags","embeddable":true,"href":"https:\/\/aifonline.net\/index.php?rest_route=%2Fwp%2Fv2%2Ftable_tags&post=1460"}],"curies":[{"name":"wp","href":"https:\/\/api.w.org\/{rel}","templated":true}]}}