{"id":1506,"date":"2020-11-17T11:31:02","date_gmt":"2020-11-17T10:31:02","guid":{"rendered":"http:\/\/aifonline.net\/?p=1506"},"modified":"2020-12-06T08:29:36","modified_gmt":"2020-12-06T07:29:36","slug":"michel-roszewitch-entre-au-conseil-dadministration-du-jem","status":"publish","type":"post","link":"https:\/\/aifonline.net\/?p=1506","title":{"rendered":"Carnet : Michel Roszewitch entre au Conseil d&#8217;Administration de JEM"},"content":{"rendered":"<p>JEM, Juda\u00efsme en mouvement, r\u00e9sulte de la fusion des deux mouvements lib\u00e9raux juifs, l&#8217;Union Lib\u00e9rale Isra\u00e9lite de France (l&#8217;ULIF) dont la synagogue est rue Copernic, et le Mouvement Juif Lib\u00e9ral de France ( MJLF) dont les deux synagogues sont \u00e0 Beaugrenelle et rue du Surmelin, les trois \u00e0 Paris. Ces deux mouvements regroupent cinq rabbins dont deux femmes. Les deux liens ci-dessous vous pr\u00e9senteront les membres et les projets de JEM ainsi que la charte des rabbins qui est tr\u00e8s explicite.<br \/>\nL&#8217;action de JEM d\u00e9passe le strict aspect religieux et cette approche moderne et r\u00e9formiste s\u00e9duit bon nombre de nos coreligionnaires sans toutefois provoquer une distanciation avec le Consistoire laquelle nuirait gravement \u00e0 l&#8217;unit\u00e9 de la Communaut\u00e9 juive de France.<br \/>\nLes Amis Isra\u00e9lites de France se f\u00e9licitent de l&#8217;entr\u00e9e au Conseil d&#8217;Administration de Juda\u00efsme En Mouvement de son secr\u00e9taire Michel Roszewitch.<\/p>\n<p>Un lien pour d\u00e9couvrir les membres et le projet de JEM :<br \/>\n<a href=\"https:\/\/judaismeenmouvement.org\/index.php\/le-projet\/\">https:\/\/judaismeenmouvement.org\/index.php\/le-projet\/<\/a><\/p>\n<p>Un lien pour comprendre la vision et les principes de JEM :<br \/>\n<a href=\"https:\/\/judaismeenmouvement.org\/index.php\/charte-des-rabbins\/\">https:\/\/judaismeenmouvement.org\/index.php\/charte-des-rabbins\/<\/a><\/p>\n","protected":false},"excerpt":{"rendered":"<p>JEM, Juda\u00efsme en mouvement, r\u00e9sulte de la fusion des deux mouvements lib\u00e9raux juifs, l&#8217;Union Lib\u00e9rale Isra\u00e9lite de France (l&#8217;ULIF) dont<\/p>\n","protected":false},"author":1,"featured_media":0,"comment_status":"open","ping_status":"open","sticky":false,"template":"","format":"standard","meta":{"_mi_skip_tracking":false,"_exactmetrics_sitenote_active":false,"_exactmetrics_sitenote_note":"","_exactmetrics_sitenote_category":0,"footnotes":""},"categories":[5,70],"tags":[72],"table_tags":[],"_links":{"self":[{"href":"https:\/\/aifonline.net\/index.php?rest_route=\/wp\/v2\/posts\/1506"}],"collection":[{"href":"https:\/\/aifonline.net\/index.php?rest_route=\/wp\/v2\/posts"}],"about":[{"href":"https:\/\/aifonline.net\/index.php?rest_route=\/wp\/v2\/types\/post"}],"author":[{"embeddable":true,"href":"https:\/\/aifonline.net\/index.php?rest_route=\/wp\/v2\/users\/1"}],"replies":[{"embeddable":true,"href":"https:\/\/aifonline.net\/index.php?rest_route=%2Fwp%2Fv2%2Fcomments&post=1506"}],"version-history":[{"count":6,"href":"https:\/\/aifonline.net\/index.php?rest_route=\/wp\/v2\/posts\/1506\/revisions"}],"predecessor-version":[{"id":1630,"href":"https:\/\/aifonline.net\/index.php?rest_route=\/wp\/v2\/posts\/1506\/revisions\/1630"}],"wp:attachment":[{"href":"https:\/\/aifonline.net\/index.php?rest_route=%2Fwp%2Fv2%2Fmedia&parent=1506"}],"wp:term":[{"taxonomy":"category","embeddable":true,"href":"https:\/\/aifonline.net\/index.php?rest_route=%2Fwp%2Fv2%2Fcategories&post=1506"},{"taxonomy":"post_tag","embeddable":true,"href":"https:\/\/aifonline.net\/index.php?rest_route=%2Fwp%2Fv2%2Ftags&post=1506"},{"taxonomy":"table_tags","embeddable":true,"href":"https:\/\/aifonline.net\/index.php?rest_route=%2Fwp%2Fv2%2Ftable_tags&post=1506"}],"curies":[{"name":"wp","href":"https:\/\/api.w.org\/{rel}","templated":true}]}}