{"id":1534,"date":"2020-11-20T09:25:53","date_gmt":"2020-11-20T08:25:53","guid":{"rendered":"http:\/\/aifonline.net\/?p=1534"},"modified":"2020-12-06T08:28:57","modified_gmt":"2020-12-06T07:28:57","slug":"le-crepuscule-et-laube-de-ken-follett","status":"publish","type":"post","link":"https:\/\/aifonline.net\/?p=1534","title":{"rendered":"Livre : Le cr\u00e9puscule et l&#8217;aube de Ken Follett\u00a0"},"content":{"rendered":"<p><em><strong>Les recommandations litt\u00e9raires de Sabine Strul<\/strong><\/em><\/p>\n<p>En l&#8217;an 997, \u00e0 la fin du Haut Moyen Age\u00a0(appel\u00e9 Age des T\u00e9n\u00e8bres), les Anglais font face aux Vikings ; c&#8217;est le r\u00e8gne du chaos.<br \/>\nDans cette p\u00e9riode tumultueuse, s&#8217;entrecroisent les destins de trois jeunes personnages :\u00a0Edgar,\u00a0inventif et constructeur de bateaux ;\u00a0Ragna\u00a0, noble normande passionn\u00e9e et insoumise et\u00a0Aldred, moine id\u00e9aliste.<br \/>\nAction, violences, amours, trahisons, ambitions&#8230; Nous sommes plong\u00e9s dans une belle et captivante fresque\u00a0historique de KEN FOLLETT*, conteur hors pair, qui, avec son style tr\u00e8s imag\u00e9, nous fait vivre toute une \u00e9poque de r\u00e9gression et d&#8217;analphab\u00e9tisme mais aussi les r\u00eaves de construction du futur\u00a0Kingsbridge.<\/p>\n<p>*Auteur gallois, n\u00e9 en 1949. Sp\u00e9cialis\u00e9 dans les romans d&#8217;espionnage et historiques.<br \/>\nJe vous invite \u00e0 (re)lire &#8211; du m\u00eame auteur &#8211; la trilogie originelle <em>Les Piliers de la Terre<\/em>\u00a0ainsi que\u00a0<em>L&#8217;arme \u00e0 l&#8217;oeil<\/em>, <em>Triangle<\/em>, <em>Rebecca<\/em>, <em>Le r\u00e9seau Corneille<\/em>&#8230; sans oublier la trilogie <em>Le Si\u00e8cle<\/em>.<\/p>\n<p><img decoding=\"async\" loading=\"lazy\" class=\"size-full wp-image-1539 aligncenter\" src=\"https:\/\/aifonline.net\/wp-content\/uploads\/2020\/11\/Le-Crepuscule-et-l-Aube.jpg\" alt=\"\" width=\"340\" height=\"340\" srcset=\"https:\/\/aifonline.net\/wp-content\/uploads\/2020\/11\/Le-Crepuscule-et-l-Aube.jpg 340w, https:\/\/aifonline.net\/wp-content\/uploads\/2020\/11\/Le-Crepuscule-et-l-Aube-150x150.jpg 150w, https:\/\/aifonline.net\/wp-content\/uploads\/2020\/11\/Le-Crepuscule-et-l-Aube-300x300.jpg 300w\" sizes=\"(max-width: 340px) 100vw, 340px\" \/><\/p>\n<p><em>Le cr\u00e9puscule et l&#8217;aube de Ken Follett\u00a0<\/em><br \/>\n<em>Edition\u00a0Robert Laffont &#8211; 847 pages &#8211; prix : 24,50\u20ac (parution en septembre 2020)<\/em><\/p>\n","protected":false},"excerpt":{"rendered":"<p>Les recommandations litt\u00e9raires de Sabine Strul En l&#8217;an 997, \u00e0 la fin du Haut Moyen Age\u00a0(appel\u00e9 Age des T\u00e9n\u00e8bres), les<\/p>\n","protected":false},"author":1,"featured_media":0,"comment_status":"open","ping_status":"open","sticky":false,"template":"","format":"standard","meta":{"_mi_skip_tracking":false,"_exactmetrics_sitenote_active":false,"_exactmetrics_sitenote_note":"","_exactmetrics_sitenote_category":0,"footnotes":""},"categories":[36],"tags":[64,35],"table_tags":[],"_links":{"self":[{"href":"https:\/\/aifonline.net\/index.php?rest_route=\/wp\/v2\/posts\/1534"}],"collection":[{"href":"https:\/\/aifonline.net\/index.php?rest_route=\/wp\/v2\/posts"}],"about":[{"href":"https:\/\/aifonline.net\/index.php?rest_route=\/wp\/v2\/types\/post"}],"author":[{"embeddable":true,"href":"https:\/\/aifonline.net\/index.php?rest_route=\/wp\/v2\/users\/1"}],"replies":[{"embeddable":true,"href":"https:\/\/aifonline.net\/index.php?rest_route=%2Fwp%2Fv2%2Fcomments&post=1534"}],"version-history":[{"count":8,"href":"https:\/\/aifonline.net\/index.php?rest_route=\/wp\/v2\/posts\/1534\/revisions"}],"predecessor-version":[{"id":1629,"href":"https:\/\/aifonline.net\/index.php?rest_route=\/wp\/v2\/posts\/1534\/revisions\/1629"}],"wp:attachment":[{"href":"https:\/\/aifonline.net\/index.php?rest_route=%2Fwp%2Fv2%2Fmedia&parent=1534"}],"wp:term":[{"taxonomy":"category","embeddable":true,"href":"https:\/\/aifonline.net\/index.php?rest_route=%2Fwp%2Fv2%2Fcategories&post=1534"},{"taxonomy":"post_tag","embeddable":true,"href":"https:\/\/aifonline.net\/index.php?rest_route=%2Fwp%2Fv2%2Ftags&post=1534"},{"taxonomy":"table_tags","embeddable":true,"href":"https:\/\/aifonline.net\/index.php?rest_route=%2Fwp%2Fv2%2Ftable_tags&post=1534"}],"curies":[{"name":"wp","href":"https:\/\/api.w.org\/{rel}","templated":true}]}}