{"id":1659,"date":"2020-12-09T08:30:13","date_gmt":"2020-12-09T07:30:13","guid":{"rendered":"http:\/\/aifonline.net\/?p=1659"},"modified":"2020-12-09T13:11:18","modified_gmt":"2020-12-09T12:11:18","slug":"billet-une-veritable-resurrection","status":"publish","type":"post","link":"https:\/\/aifonline.net\/?p=1659","title":{"rendered":"Billet : R\u00e9surrection\u00a0!"},"content":{"rendered":"<p><em><strong>Par Alain Kaminski<\/strong><\/em><\/p>\n<p>Parfois j\u2019en viens \u00e0 penser que la r\u00e9surrection est fr\u00e9quente chez les juifs et dans des circonstances bien diff\u00e9rentes. L\u2019Histoire a commenc\u00e9 il y a fort longtemps avec mon cousin, tr\u00e8s \u00e9loign\u00e9 je vous l\u2019accorde, Yeshoua Ben Yossef plus connu sous le nom de J\u00e9sus-Christ. Deux mille ans plus tard, des centaines de millions d\u2019individus sont ses admirateurs. Mon tr\u00e8s lointain cousin parlait l\u2019aram\u00e9en, une langue dont l\u2019\u00e9volution nous m\u00e8nera \u00e0 l\u2019h\u00e9breu moderne.<br \/>\nLe lexicographe Eliezer Perelman, plus connu sous le nom d\u2019Eliezer Ben Yehouda fut un \u00ab repreneur \u00bb et ainsi le p\u00e8re de cet h\u00e9breu moderne, apr\u00e8s avoir redonn\u00e9 une nouvelle vie \u00e0 cet ancien h\u00e9breu qui \u00e9tait en hibernation depuis des si\u00e8cles. Un h\u00e9breu qui deviendra la langue officielle de l\u2019Etat d\u2019Isra\u00ebl.<br \/>\nJe me demande d\u00e9sormais s\u2019il n\u2019\u00e9tait pas de tradition chez les juifs de ne rien laisser dispara\u00eetre -quoi qu\u2019il en co\u00fbte- car notre Histoire est ainsi faite avec des volont\u00e9s, des sauveurs, des miracles, avec des hommes et des femmes dont la force des convictions force l\u2019admiration.<br \/>\nIl y a quelques semaines seulement, c\u2019est notre seul hebdomadaire juif qui \u00e9tait en \u00e9tat de mort clinique et qui lui aussi est ressuscit\u00e9. Il a trouv\u00e9 son sauveur en la personne de Marc Eisenberg. Actualit\u00e9 Juive est un \u00ab bonheur hebdomadaire \u00bb, son lectorat en t\u00e9moigne r\u00e9guli\u00e8rement, et nous n\u2019avons pas le droit je dirai m\u00eame plus le droit, de l\u2019abandonner, de ne pas le soutenir.<br \/>\nHanouca c\u2019est l\u2019occasion pour chacun d\u2019entre nous de faire ce geste indispensable qui cristallisera\u00a0 notre lien avec notre vie juive en retrouvant Actualit\u00e9 Juive dans notre bo\u00eete aux lettres telle une petite fiole d\u2019huile qui ne s\u2019\u00e9teint pas. Oui dans notre bo\u00eete aux lettres car c\u2019est maintenant en cette veille de Hanouca que nous allons tous demander \u00e0 nos amis, \u00e0 nos proches, de souscrire un abonnement \u00e0 Actualit\u00e9 Juive. C\u2019est maintenant que toutes les associations juives \u00e0 vocation culturelle ou sociale, elles sont tellement nombreuses, doivent offrir des abonnements \u00e0 leurs membres isol\u00e9s ou pr\u00e9caires, parfois \u00e9loign\u00e9s g\u00e9ographiquement de toute vie communautaire. On abandonnera le bouquet de fleurs, pardon pour les fleuristes, on abandonnera la bo\u00eete de chocolats, pardon pour les chocolatiers, et on offrira ce cadeau inattendu mais qui pourrait aller droit au c\u0153ur, ce cadeau qui fait que l\u2019on pensera \u00e0 vous toutes les semaines, un abonnement \u00e0 Actualit\u00e9 Juive.<\/p>\n<p><a href=\"https:\/\/www.actualitejuive.com\/abonnement\">Je m&#8217;abonne \u00e0 Actualit\u00e9 Juive<\/a><\/p>\n<p><em>Publi\u00e9 dans Actualit\u00e9 Juive le 3 d\u00e9cembre 2020<\/em><\/p>\n","protected":false},"excerpt":{"rendered":"<p>Par Alain Kaminski Parfois j\u2019en viens \u00e0 penser que la r\u00e9surrection est fr\u00e9quente chez les juifs et dans des circonstances<\/p>\n","protected":false},"author":1,"featured_media":0,"comment_status":"open","ping_status":"open","sticky":false,"template":"","format":"standard","meta":{"_mi_skip_tracking":false,"_exactmetrics_sitenote_active":false,"_exactmetrics_sitenote_note":"","_exactmetrics_sitenote_category":0,"footnotes":""},"categories":[4],"tags":[54,72],"table_tags":[],"_links":{"self":[{"href":"https:\/\/aifonline.net\/index.php?rest_route=\/wp\/v2\/posts\/1659"}],"collection":[{"href":"https:\/\/aifonline.net\/index.php?rest_route=\/wp\/v2\/posts"}],"about":[{"href":"https:\/\/aifonline.net\/index.php?rest_route=\/wp\/v2\/types\/post"}],"author":[{"embeddable":true,"href":"https:\/\/aifonline.net\/index.php?rest_route=\/wp\/v2\/users\/1"}],"replies":[{"embeddable":true,"href":"https:\/\/aifonline.net\/index.php?rest_route=%2Fwp%2Fv2%2Fcomments&post=1659"}],"version-history":[{"count":6,"href":"https:\/\/aifonline.net\/index.php?rest_route=\/wp\/v2\/posts\/1659\/revisions"}],"predecessor-version":[{"id":1690,"href":"https:\/\/aifonline.net\/index.php?rest_route=\/wp\/v2\/posts\/1659\/revisions\/1690"}],"wp:attachment":[{"href":"https:\/\/aifonline.net\/index.php?rest_route=%2Fwp%2Fv2%2Fmedia&parent=1659"}],"wp:term":[{"taxonomy":"category","embeddable":true,"href":"https:\/\/aifonline.net\/index.php?rest_route=%2Fwp%2Fv2%2Fcategories&post=1659"},{"taxonomy":"post_tag","embeddable":true,"href":"https:\/\/aifonline.net\/index.php?rest_route=%2Fwp%2Fv2%2Ftags&post=1659"},{"taxonomy":"table_tags","embeddable":true,"href":"https:\/\/aifonline.net\/index.php?rest_route=%2Fwp%2Fv2%2Ftable_tags&post=1659"}],"curies":[{"name":"wp","href":"https:\/\/api.w.org\/{rel}","templated":true}]}}