{"id":1661,"date":"2020-12-09T07:13:24","date_gmt":"2020-12-09T06:13:24","guid":{"rendered":"http:\/\/aifonline.net\/?p=1661"},"modified":"2020-12-22T18:43:00","modified_gmt":"2020-12-22T17:43:00","slug":"madeleine-bergfraind-fete-ses-100-ans","status":"publish","type":"post","link":"https:\/\/aifonline.net\/?p=1661","title":{"rendered":"Carnet : Bon anniversaire Madeleine"},"content":{"rendered":"<p><em><strong>par Alain Kaminski<\/strong><\/em><\/p>\n<p>Depuis quelques ann\u00e9es \u00e0 pareille \u00e9poque vers Hanouca je lui apporte une magnifique bo\u00eete de chocolats dans son Ephad de la Fondation Rothschild \u00e0 Paris. Et elle me dit toujours : Oh ! Monsieur Kaminski, je ne m\u00e9rite pas une si belle bo\u00eete, c&#8217;est trop. Elle partageait ces chocolats avec sa petite soeur Aur\u00e9lie Birencwejg, sa cadette de deux ans, \u00e9galement dans l&#8217;Ephad, et qui nous a quitt\u00e9s cette ann\u00e9e emport\u00e9e par le Covid-19. Aur\u00e9lie me rappelait qu&#8217;en Hongrie elle se pr\u00e9nommait Orenka.<\/p>\n<figure id=\"attachment_1712\" aria-describedby=\"caption-attachment-1712\" style=\"width: 200px\" class=\"wp-caption aligncenter\"><a href=\"https:\/\/aifonline.net\/wp-content\/uploads\/2020\/12\/IMG_3779.jpg\"><img decoding=\"async\" loading=\"lazy\" class=\"wp-image-1712 size-medium\" src=\"https:\/\/aifonline.net\/wp-content\/uploads\/2020\/12\/IMG_3779-200x300.jpg\" alt=\"\" width=\"200\" height=\"300\" srcset=\"https:\/\/aifonline.net\/wp-content\/uploads\/2020\/12\/IMG_3779-200x300.jpg 200w, https:\/\/aifonline.net\/wp-content\/uploads\/2020\/12\/IMG_3779.jpg 400w\" sizes=\"(max-width: 200px) 100vw, 200px\" \/><\/a><figcaption id=\"caption-attachment-1712\" class=\"wp-caption-text\">Madeleine Bergfraind<\/figcaption><\/figure>\n<p>Cette ann\u00e9e la crise sanitaire ne me permettra pas de rendre visite \u00e0 Madeleine et d&#8217;avoir le plaisir de passer un moment avec elle.<br \/>\nMadeleine a \u00e9t\u00e9 elle aussi frapp\u00e9e par le Covid-19 mais elle s&#8217;en est sortie et va bien.<br \/>\nMadeleine Bergfraind n\u00e9e Manhardt naquit en d\u00e9cembre 1920 \u00e0 Budapest (Hongrie) d&#8217;Abraham Manhardt et de Malk\u00e9 Schneid.<br \/>\nLors de ma derni\u00e8re visite, je lui disais qu&#8217;avec un groupe d&#8217;amis je revenais de Budapest et que j&#8217;avais parl\u00e9 d&#8217;elle l\u00e0-bas.<br \/>\nElle m&#8217;\u00e9coutait tendrement, elle \u00e9tait avec un ami un ancien voisin, un certain Salomon, originaire lui aussi de Budapest. J&#8217;ai l&#8217;impression qu&#8217;il lui faisait la cour. Trop mignon. Il n&#8217;y a pas d&#8217;\u00e2ge pour la drague !<br \/>\nNous lui souhaitons un bon anniversaire, 100 ans c&#8217;est magnifique.<\/p>\n","protected":false},"excerpt":{"rendered":"<p>par Alain Kaminski Depuis quelques ann\u00e9es \u00e0 pareille \u00e9poque vers Hanouca je lui apporte une magnifique bo\u00eete de chocolats dans<\/p>\n","protected":false},"author":1,"featured_media":0,"comment_status":"open","ping_status":"open","sticky":false,"template":"","format":"standard","meta":{"_mi_skip_tracking":false,"_exactmetrics_sitenote_active":false,"_exactmetrics_sitenote_note":"","_exactmetrics_sitenote_category":0,"footnotes":""},"categories":[5,69],"tags":[],"table_tags":[],"_links":{"self":[{"href":"https:\/\/aifonline.net\/index.php?rest_route=\/wp\/v2\/posts\/1661"}],"collection":[{"href":"https:\/\/aifonline.net\/index.php?rest_route=\/wp\/v2\/posts"}],"about":[{"href":"https:\/\/aifonline.net\/index.php?rest_route=\/wp\/v2\/types\/post"}],"author":[{"embeddable":true,"href":"https:\/\/aifonline.net\/index.php?rest_route=\/wp\/v2\/users\/1"}],"replies":[{"embeddable":true,"href":"https:\/\/aifonline.net\/index.php?rest_route=%2Fwp%2Fv2%2Fcomments&post=1661"}],"version-history":[{"count":15,"href":"https:\/\/aifonline.net\/index.php?rest_route=\/wp\/v2\/posts\/1661\/revisions"}],"predecessor-version":[{"id":1725,"href":"https:\/\/aifonline.net\/index.php?rest_route=\/wp\/v2\/posts\/1661\/revisions\/1725"}],"wp:attachment":[{"href":"https:\/\/aifonline.net\/index.php?rest_route=%2Fwp%2Fv2%2Fmedia&parent=1661"}],"wp:term":[{"taxonomy":"category","embeddable":true,"href":"https:\/\/aifonline.net\/index.php?rest_route=%2Fwp%2Fv2%2Fcategories&post=1661"},{"taxonomy":"post_tag","embeddable":true,"href":"https:\/\/aifonline.net\/index.php?rest_route=%2Fwp%2Fv2%2Ftags&post=1661"},{"taxonomy":"table_tags","embeddable":true,"href":"https:\/\/aifonline.net\/index.php?rest_route=%2Fwp%2Fv2%2Ftable_tags&post=1661"}],"curies":[{"name":"wp","href":"https:\/\/api.w.org\/{rel}","templated":true}]}}