{"id":1727,"date":"2021-01-12T08:53:43","date_gmt":"2021-01-12T07:53:43","guid":{"rendered":"http:\/\/aifonline.net\/?p=1727"},"modified":"2021-01-26T18:38:48","modified_gmt":"2021-01-26T17:38:48","slug":"livres-broadway-de-fabrice-caro","status":"publish","type":"post","link":"https:\/\/aifonline.net\/?p=1727","title":{"rendered":"Livre : Broadway de Fabrice CARO"},"content":{"rendered":"<p><em><strong>Les recommandations litt\u00e9raires de Sabine Strul<\/strong><\/em><\/p>\n<p>En d\u00e9couvrant l&#8217;enveloppe de sa convocation du d\u00e9pistage du cancer colorectal, plus rien ne sera jamais comme avant pour Alex, qui se d\u00e9finit alors comme &#8220;quarante six ans bient\u00f4t cinquante&#8221;. M\u00e9lancolique, r\u00eaveur r\u00e9sign\u00e9 mais aussi vell\u00e9itaire, on vagabonde \u00e0 travers ses pens\u00e9es sur la paternit\u00e9 ; ses r\u00e9flexions sur ses voisins qu&#8217;il faut obligatoirement\u00a0 inviter \u00e0 &#8220;prendre l&#8217;ap\u00e9ritif&#8221;&#8230; et plein d&#8217;autres situations toutes plus cocasses les unes que les autres. C&#8217;est empreint d&#8217;humour et tr\u00e8s dr\u00f4le !<br \/>\nFabrice Caro (n\u00e9 en 1973) a \u00e9crit et dessin\u00e9 de nombreuses BD dont <em>Zai zai zai zai<\/em> (film attendu fin avril&#8230;) et est l&#8217;auteur de <em>Le discours<\/em> (film attendu aussi&#8230; prochainement).<\/p>\n<p><img decoding=\"async\" loading=\"lazy\" class=\"aligncenter wp-image-1728 size-medium\" src=\"https:\/\/aifonline.net\/wp-content\/uploads\/2021\/01\/91lgyJ3wxhL-205x300.jpg\" alt=\"\" width=\"205\" height=\"300\" srcset=\"https:\/\/aifonline.net\/wp-content\/uploads\/2021\/01\/91lgyJ3wxhL-205x300.jpg 205w, https:\/\/aifonline.net\/wp-content\/uploads\/2021\/01\/91lgyJ3wxhL.jpg 400w\" sizes=\"(max-width: 205px) 100vw, 205px\" \/><\/p>\n<p><em>Broadway<\/em> de Fabrice CARO<br \/>\nEd Gallimard (Sygne) &#8211; 193 pages &#8211; 18\u20ac &#8211; parution novembre 2020<\/p>\n","protected":false},"excerpt":{"rendered":"<p>Les recommandations litt\u00e9raires de Sabine Strul En d\u00e9couvrant l&#8217;enveloppe de sa convocation du d\u00e9pistage du cancer colorectal, plus rien ne<\/p>\n","protected":false},"author":1,"featured_media":0,"comment_status":"open","ping_status":"open","sticky":false,"template":"","format":"standard","meta":{"_mi_skip_tracking":false,"_exactmetrics_sitenote_active":false,"_exactmetrics_sitenote_note":"","_exactmetrics_sitenote_category":0,"footnotes":""},"categories":[36],"tags":[35],"table_tags":[],"_links":{"self":[{"href":"https:\/\/aifonline.net\/index.php?rest_route=\/wp\/v2\/posts\/1727"}],"collection":[{"href":"https:\/\/aifonline.net\/index.php?rest_route=\/wp\/v2\/posts"}],"about":[{"href":"https:\/\/aifonline.net\/index.php?rest_route=\/wp\/v2\/types\/post"}],"author":[{"embeddable":true,"href":"https:\/\/aifonline.net\/index.php?rest_route=\/wp\/v2\/users\/1"}],"replies":[{"embeddable":true,"href":"https:\/\/aifonline.net\/index.php?rest_route=%2Fwp%2Fv2%2Fcomments&post=1727"}],"version-history":[{"count":2,"href":"https:\/\/aifonline.net\/index.php?rest_route=\/wp\/v2\/posts\/1727\/revisions"}],"predecessor-version":[{"id":1730,"href":"https:\/\/aifonline.net\/index.php?rest_route=\/wp\/v2\/posts\/1727\/revisions\/1730"}],"wp:attachment":[{"href":"https:\/\/aifonline.net\/index.php?rest_route=%2Fwp%2Fv2%2Fmedia&parent=1727"}],"wp:term":[{"taxonomy":"category","embeddable":true,"href":"https:\/\/aifonline.net\/index.php?rest_route=%2Fwp%2Fv2%2Fcategories&post=1727"},{"taxonomy":"post_tag","embeddable":true,"href":"https:\/\/aifonline.net\/index.php?rest_route=%2Fwp%2Fv2%2Ftags&post=1727"},{"taxonomy":"table_tags","embeddable":true,"href":"https:\/\/aifonline.net\/index.php?rest_route=%2Fwp%2Fv2%2Ftable_tags&post=1727"}],"curies":[{"name":"wp","href":"https:\/\/api.w.org\/{rel}","templated":true}]}}