{"id":1731,"date":"2021-01-26T18:10:55","date_gmt":"2021-01-26T17:10:55","guid":{"rendered":"http:\/\/aifonline.net\/?p=1731"},"modified":"2021-01-26T18:39:30","modified_gmt":"2021-01-26T17:39:30","slug":"livre-lanomalie-de-herve-le-tellier","status":"publish","type":"post","link":"https:\/\/aifonline.net\/?p=1731","title":{"rendered":"Livre : L&#8217;anomalie de Herv\u00e9 Le Tellier"},"content":{"rendered":"<p><em><strong>Les recommandations litt\u00e9raires de Sabine Strul<\/strong><\/em><\/p>\n<p>Le vol AF 006 traverse difficilement un terrible orage. A son bord, pr\u00e8s de deux cent cinquante passagers dont un \u00e9crivain rat\u00e9, un tueur \u00e0 gages, une petite fille, une avocate vindicative&#8230; Une dizaine de personnages que l&#8217;on suivra pendant tout le r\u00e9cit.<br \/>\nTrois mois plus tard, un \u00e9v\u00e9nement insens\u00e9 bouleverse\u00a0 le monde : le m\u00eame avion &#8211; en tout point identique, avec les m\u00eames passagers, surgit \u00e0 nouveau&#8230;<br \/>\nLaissez vous porter et surprendre par ce r\u00e9cit original et \u00e9tonnant, entre thriller, r\u00e9flexions m\u00e9taphysiques et pens\u00e9es spirituelles.<br \/>\nHerv\u00e9 Le Tellier (n\u00e9 en 1957), math\u00e9maticien de formation, journaliste, a\u00a0particip\u00e9 \u00e0 l&#8217;aventure de la s\u00e9rie <em>Le poulpe<\/em> et\u00a0est l&#8217;auteur de po\u00e9sies, nouvelles et pi\u00e8ces de th\u00e9\u00e2tre&#8230;<br \/>\nEffet confinement ou excellent &#8220;bouche \u00e0 oreille&#8221;?&#8230; Ce nouveau prix Goncourt est davantage qu&#8217;un succ\u00e8s litt\u00e9raire&#8230; Un v\u00e9ritable raz-de-mar\u00e9e !<\/p>\n<p><img decoding=\"async\" loading=\"lazy\" class=\"aligncenter wp-image-1732 size-medium\" src=\"https:\/\/aifonline.net\/wp-content\/uploads\/2021\/01\/h-700x1024-205x300.jpg\" alt=\"\" width=\"205\" height=\"300\" srcset=\"https:\/\/aifonline.net\/wp-content\/uploads\/2021\/01\/h-700x1024-205x300.jpg 205w, https:\/\/aifonline.net\/wp-content\/uploads\/2021\/01\/h-700x1024.jpg 400w\" sizes=\"(max-width: 205px) 100vw, 205px\" \/><\/p>\n<p><em>L&#8217;anomalie de Herv\u00e9 Le Tellier<\/em> &#8211; Ed Gallimard\u00a0&#8211; 336 pages &#8211; 20\u20ac &#8211; parution d\u00e9cembre 2020 &#8211; prix Goncourt 2020<\/p>\n","protected":false},"excerpt":{"rendered":"<p>Les recommandations litt\u00e9raires de Sabine Strul Le vol AF 006 traverse difficilement un terrible orage. A son bord, pr\u00e8s de<\/p>\n","protected":false},"author":1,"featured_media":0,"comment_status":"open","ping_status":"open","sticky":false,"template":"","format":"standard","meta":{"_mi_skip_tracking":false,"_exactmetrics_sitenote_active":false,"_exactmetrics_sitenote_note":"","_exactmetrics_sitenote_category":0,"footnotes":""},"categories":[36],"tags":[35],"table_tags":[],"_links":{"self":[{"href":"https:\/\/aifonline.net\/index.php?rest_route=\/wp\/v2\/posts\/1731"}],"collection":[{"href":"https:\/\/aifonline.net\/index.php?rest_route=\/wp\/v2\/posts"}],"about":[{"href":"https:\/\/aifonline.net\/index.php?rest_route=\/wp\/v2\/types\/post"}],"author":[{"embeddable":true,"href":"https:\/\/aifonline.net\/index.php?rest_route=\/wp\/v2\/users\/1"}],"replies":[{"embeddable":true,"href":"https:\/\/aifonline.net\/index.php?rest_route=%2Fwp%2Fv2%2Fcomments&post=1731"}],"version-history":[{"count":1,"href":"https:\/\/aifonline.net\/index.php?rest_route=\/wp\/v2\/posts\/1731\/revisions"}],"predecessor-version":[{"id":1733,"href":"https:\/\/aifonline.net\/index.php?rest_route=\/wp\/v2\/posts\/1731\/revisions\/1733"}],"wp:attachment":[{"href":"https:\/\/aifonline.net\/index.php?rest_route=%2Fwp%2Fv2%2Fmedia&parent=1731"}],"wp:term":[{"taxonomy":"category","embeddable":true,"href":"https:\/\/aifonline.net\/index.php?rest_route=%2Fwp%2Fv2%2Fcategories&post=1731"},{"taxonomy":"post_tag","embeddable":true,"href":"https:\/\/aifonline.net\/index.php?rest_route=%2Fwp%2Fv2%2Ftags&post=1731"},{"taxonomy":"table_tags","embeddable":true,"href":"https:\/\/aifonline.net\/index.php?rest_route=%2Fwp%2Fv2%2Ftable_tags&post=1731"}],"curies":[{"name":"wp","href":"https:\/\/api.w.org\/{rel}","templated":true}]}}