{"id":1755,"date":"2021-01-26T18:05:22","date_gmt":"2021-01-26T17:05:22","guid":{"rendered":"http:\/\/aifonline.net\/?p=1755"},"modified":"2021-01-26T18:40:22","modified_gmt":"2021-01-26T17:40:22","slug":"la-crise-qui-met-a-mort-le-spectacle-vivant","status":"publish","type":"post","link":"https:\/\/aifonline.net\/?p=1755","title":{"rendered":"Champ libre : La crise qui met a\u0300 mort le spectacle vivant"},"content":{"rendered":"<p><em><strong>par Ya\u00efr Bena\u00efm<\/strong><\/em><\/p>\n<figure id=\"attachment_1757\" aria-describedby=\"caption-attachment-1757\" style=\"width: 200px\" class=\"wp-caption alignright\"><img decoding=\"async\" loading=\"lazy\" class=\"wp-image-1757 size-medium\" src=\"https:\/\/aifonline.net\/wp-content\/uploads\/2021\/01\/Yair-Benaim-200x300.jpg\" alt=\"\" width=\"200\" height=\"300\" srcset=\"https:\/\/aifonline.net\/wp-content\/uploads\/2021\/01\/Yair-Benaim-200x300.jpg 200w, https:\/\/aifonline.net\/wp-content\/uploads\/2021\/01\/Yair-Benaim.jpg 400w\" sizes=\"(max-width: 200px) 100vw, 200px\" \/><figcaption id=\"caption-attachment-1757\" class=\"wp-caption-text\">Ya\u00efr Bena\u00efm credit photo Caroline Doutre<\/figcaption><\/figure>\n<p>D\u00e9but 2021, froid, incertain. Souvenir de janvier 2020. Un an \u00e0 peine. Des si\u00e8cles. J\u2019\u00e9tais alors plong\u00e9 dans la pr\u00e9paration de\u00a0l\u2019Histoire du Soldat avec l\u2019Open Chamber Orchestra et la Compagnie Charact\u00e8res. L\u2019agitation bourdonnante du monde du spectacle, ces personnes merveilleuses qui r\u00e8glent d\u00e9cors, affiches, lumi\u00e8res&#8230; Le plaisir de diriger ce plateau artistique exceptionnel, 7 musiciens, 3 com\u00e9diens et une danseuse de l\u2019Op\u00e9ra de Paris.<\/p>\n<p>Les r\u00e9p\u00e9titions de ce chef-d\u2019\u0153uvre &#8211; mariage d\u00e9licat entre texte et notes, Musique et\u00a0Th\u00e9\u00e2tre de la pauvret\u00e9 selon son compositeur Stravinsky &#8211; se sont d\u00e9roul\u00e9es dans une excellente ambiance, et ont abouti en un spectacle magique auquel a assist\u00e9, parmi nos fid\u00e8les spectateurs, l\u2019ancien Pr\u00e9sident de la R\u00e9publique M. Hollande. Un accueil enthousiaste du public et de la profession, des promesses d\u2019engagements dans des th\u00e9\u00e2tres, un avenir radieux pour notre jeune orchestre.<\/p>\n<p>Loin d\u2019imaginer la crise sanitaire qui allait s\u2019abattre sur nous quelques semaines apr\u00e8s. Chute vertigineuse de l\u2019\u00e9conomie, confinement, deuils&#8230;\u00a0Et parmi cela, les r\u00e9percussions sur nos M\u00e9tiers, le spectacle vivant. Ces m\u00e9tiers qui nous choisissent autant que nous les choisissons.<\/p>\n<p>Rideau. Plus de concerts, ni musique, silence des directeurs de th\u00e9\u00e2tre ou organisateurs de festival. Plus de projets qui nourrissent notre \u00e2me et auxquels nous travaillons d\u2019arrache-pied. Plus d\u2019argent.<\/p>\n<p>Et les discours : &#8220;l\u2019importance de la culture&#8221;. Mais au-del\u00e0 des mots qui donnent bonne conscience, que faire sans recul\u00a0? Un concert, c\u2019est une pr\u00e9paration de plusieurs mois\u00a0! Comment organiser si les sc\u00e8nes ne savent pas quand elles ouvriront, la jauge de salle permise\u00a0? Et le public, sera-t-il au rendez-vous\u00a0?<\/p>\n<p>Un silence assourdissant, rendu plus pesant par des initiatives individuelles de concerts diffus\u00e9s &#8220;live&#8221; sur Facebook. De maigres arbres qui cachent une for\u00eat d\u00e9sol\u00e9e.<\/p>\n<p>Aides cons\u00e9quentes en Allemagne pour les artistes. P\u00e9nombre au Pays des Lumi\u00e8res ? A-t-on mesur\u00e9 l\u2019impact, intellectuel, social et financier, sur les dizaines de milliers de personnes qui r\u00e9p\u00e8tent rigoureusement depuis leur enfance, nous transcendent par leur Art chaque soir sur sc\u00e8ne, font la fiert\u00e9 de la France, et que nous abandonnons aujourd\u2019hui ?<\/p>\n<p>Dans\u00a0l\u2019Histoire du Soldat, Ramuz fait dire au Diable\u00a0: &#8220;Tu as plus que le n\u00e9cessaire puisque tu as le superflu&#8221;. Il serait temps de d\u00e9cider de la place de la culture en France, entre essentiel et non-essentiel, n\u00e9cessaire et superflu\u2026<\/p>\n","protected":false},"excerpt":{"rendered":"<p>par Ya\u00efr Bena\u00efm D\u00e9but 2021, froid, incertain. Souvenir de janvier 2020. Un an \u00e0 peine. Des si\u00e8cles. J\u2019\u00e9tais alors plong\u00e9<\/p>\n","protected":false},"author":1,"featured_media":0,"comment_status":"open","ping_status":"open","sticky":false,"template":"","format":"standard","meta":{"_mi_skip_tracking":false,"_exactmetrics_sitenote_active":false,"_exactmetrics_sitenote_note":"","_exactmetrics_sitenote_category":0,"footnotes":""},"categories":[37],"tags":[27,66,45],"table_tags":[],"_links":{"self":[{"href":"https:\/\/aifonline.net\/index.php?rest_route=\/wp\/v2\/posts\/1755"}],"collection":[{"href":"https:\/\/aifonline.net\/index.php?rest_route=\/wp\/v2\/posts"}],"about":[{"href":"https:\/\/aifonline.net\/index.php?rest_route=\/wp\/v2\/types\/post"}],"author":[{"embeddable":true,"href":"https:\/\/aifonline.net\/index.php?rest_route=\/wp\/v2\/users\/1"}],"replies":[{"embeddable":true,"href":"https:\/\/aifonline.net\/index.php?rest_route=%2Fwp%2Fv2%2Fcomments&post=1755"}],"version-history":[{"count":3,"href":"https:\/\/aifonline.net\/index.php?rest_route=\/wp\/v2\/posts\/1755\/revisions"}],"predecessor-version":[{"id":1812,"href":"https:\/\/aifonline.net\/index.php?rest_route=\/wp\/v2\/posts\/1755\/revisions\/1812"}],"wp:attachment":[{"href":"https:\/\/aifonline.net\/index.php?rest_route=%2Fwp%2Fv2%2Fmedia&parent=1755"}],"wp:term":[{"taxonomy":"category","embeddable":true,"href":"https:\/\/aifonline.net\/index.php?rest_route=%2Fwp%2Fv2%2Fcategories&post=1755"},{"taxonomy":"post_tag","embeddable":true,"href":"https:\/\/aifonline.net\/index.php?rest_route=%2Fwp%2Fv2%2Ftags&post=1755"},{"taxonomy":"table_tags","embeddable":true,"href":"https:\/\/aifonline.net\/index.php?rest_route=%2Fwp%2Fv2%2Ftable_tags&post=1755"}],"curies":[{"name":"wp","href":"https:\/\/api.w.org\/{rel}","templated":true}]}}