{"id":1899,"date":"2021-02-28T16:05:02","date_gmt":"2021-02-28T15:05:02","guid":{"rendered":"http:\/\/aifonline.net\/?p=1899"},"modified":"2021-03-05T14:00:39","modified_gmt":"2021-03-05T13:00:39","slug":"jeu-photo-mystere-4","status":"publish","type":"post","link":"https:\/\/aifonline.net\/?p=1899","title":{"rendered":"Jeu : photo myst\u00e8re #4"},"content":{"rendered":"<p>Qui pourra identifier et situer un de ces 34 \u00e9l\u00e8ves de cette classe 1967-1968 du lyc\u00e9e Jacques-Decour \u00e0 Paris ou bien trouver le nom de ce professeur d&#8217;Histoire-G\u00e9ographie ?<br \/>\nDes indices ? Pour les parisiens, votre pharmacien du 7\u00e8me ou votre m\u00e9decin g\u00e9n\u00e9raliste du 17\u00e8me etc.<br \/>\nLes trois premiers gagnants recevront un livre de recettes de Mamie Golda et deux livres de recettes pour deux bonnes r\u00e9ponses.<\/p>\n<figure id=\"attachment_1900\" aria-describedby=\"caption-attachment-1900\" style=\"width: 910px\" class=\"wp-caption aligncenter\"><img decoding=\"async\" loading=\"lazy\" class=\"size-large wp-image-1900\" src=\"https:\/\/aifonline.net\/wp-content\/uploads\/2021\/02\/photo-mystere_4-1024x672.jpg\" alt=\"\" width=\"910\" height=\"597\" srcset=\"https:\/\/aifonline.net\/wp-content\/uploads\/2021\/02\/photo-mystere_4-1024x672.jpg 1024w, https:\/\/aifonline.net\/wp-content\/uploads\/2021\/02\/photo-mystere_4-300x197.jpg 300w, https:\/\/aifonline.net\/wp-content\/uploads\/2021\/02\/photo-mystere_4-768x504.jpg 768w, https:\/\/aifonline.net\/wp-content\/uploads\/2021\/02\/photo-mystere_4.jpg 2000w\" sizes=\"(max-width: 910px) 100vw, 910px\" \/><figcaption id=\"caption-attachment-1900\" class=\"wp-caption-text\">Le photographe avait pris rendez-vous le jour de Kippour. Il est revenu le lendemain car le surveillant g\u00e9n\u00e9ral ne pensait pas qu&#8217;il y aurait ce jour l\u00e0&#8230; 16 absents.<\/figcaption><\/figure>\n<hr \/>\n<p><strong>Voici les noms des trois gagnants :<\/strong><br \/>\n1\u00e8re bonne r\u00e9ponse : Aline Hemmo de Sunnydale en Californie<br \/>\n2\u00e8me bonne r\u00e9ponse : Sabrina Uzan de Paris<br \/>\n3\u00e8me bonne r\u00e9ponse : Virginie Hadida de Charenton-le-Pont<\/p>\n","protected":false},"excerpt":{"rendered":"<p>Qui pourra identifier et situer un de ces 34 \u00e9l\u00e8ves de cette classe 1967-1968 du lyc\u00e9e Jacques-Decour \u00e0 Paris ou<\/p>\n","protected":false},"author":1,"featured_media":0,"comment_status":"open","ping_status":"open","sticky":false,"template":"","format":"standard","meta":{"_mi_skip_tracking":false,"_exactmetrics_sitenote_active":false,"_exactmetrics_sitenote_note":"","_exactmetrics_sitenote_category":0,"footnotes":""},"categories":[75],"tags":[],"table_tags":[],"_links":{"self":[{"href":"https:\/\/aifonline.net\/index.php?rest_route=\/wp\/v2\/posts\/1899"}],"collection":[{"href":"https:\/\/aifonline.net\/index.php?rest_route=\/wp\/v2\/posts"}],"about":[{"href":"https:\/\/aifonline.net\/index.php?rest_route=\/wp\/v2\/types\/post"}],"author":[{"embeddable":true,"href":"https:\/\/aifonline.net\/index.php?rest_route=\/wp\/v2\/users\/1"}],"replies":[{"embeddable":true,"href":"https:\/\/aifonline.net\/index.php?rest_route=%2Fwp%2Fv2%2Fcomments&post=1899"}],"version-history":[{"count":12,"href":"https:\/\/aifonline.net\/index.php?rest_route=\/wp\/v2\/posts\/1899\/revisions"}],"predecessor-version":[{"id":1941,"href":"https:\/\/aifonline.net\/index.php?rest_route=\/wp\/v2\/posts\/1899\/revisions\/1941"}],"wp:attachment":[{"href":"https:\/\/aifonline.net\/index.php?rest_route=%2Fwp%2Fv2%2Fmedia&parent=1899"}],"wp:term":[{"taxonomy":"category","embeddable":true,"href":"https:\/\/aifonline.net\/index.php?rest_route=%2Fwp%2Fv2%2Fcategories&post=1899"},{"taxonomy":"post_tag","embeddable":true,"href":"https:\/\/aifonline.net\/index.php?rest_route=%2Fwp%2Fv2%2Ftags&post=1899"},{"taxonomy":"table_tags","embeddable":true,"href":"https:\/\/aifonline.net\/index.php?rest_route=%2Fwp%2Fv2%2Ftable_tags&post=1899"}],"curies":[{"name":"wp","href":"https:\/\/api.w.org\/{rel}","templated":true}]}}