{"id":1959,"date":"2021-03-25T12:19:28","date_gmt":"2021-03-25T11:19:28","guid":{"rendered":"http:\/\/aifonline.net\/?p=1959"},"modified":"2021-03-25T12:17:56","modified_gmt":"2021-03-25T11:17:56","slug":"billet-bien-trop-jeune","status":"publish","type":"post","link":"https:\/\/aifonline.net\/?p=1959","title":{"rendered":"Billet : Bien trop jeune"},"content":{"rendered":"<p><em><strong>Par Alain Kaminski<\/strong><\/em><\/p>\n<p>Je ne peux pas faire grand-chose pour ces pauvres dames que je connais depuis si longtemps, parfois octog\u00e9naires, et qui n\u2019arrivent pas \u00e0 obtenir un premier rendez-vous pour leur premier vaccin.<br \/>\nQuant \u00e0 moi, on m\u2019a dit que j\u2018\u00e9tais bien trop jeune et donc non \u00e9ligible. Je dois avouer qu\u2019hormis ma vieille maman \u00e2g\u00e9e de 98 ans, \u00e7a faisait quand m\u00eame longtemps qu\u2019on ne m\u2019avait pas dit que j\u2019\u00e9tais si jeune.<br \/>\nJe suis d\u00e9sol\u00e9 Madame Pfeiffer, je suis attrist\u00e9 Madame Tzelnika, je suis navr\u00e9 Madame Schmatnik, vous avez beau porter des noms qui ressemblent \u00e9trangement \u00e0 des noms de vaccins, il n\u2019y a pas assez de doses pour vous. Je sais que vous avez entendu comme moi nos dirigeants tenir des propos rassurants pour vous annoncer qu\u2019ils \u00e9taient pass\u00e9s \u00e0 la vitesse sup\u00e9rieure de la vaccination mais que nenni\u00a0! Pas de doses !<br \/>\nJe me suis rendu moi-m\u00eame chez mon pharmacien lui rappelant que je n\u2019\u00e9tais pas encore septuag\u00e9naire mais presque, que je n\u2019\u00e9tais pas le dernier perdreau de l\u2019ann\u00e9e, ce \u00e0 quoi il m\u2019a r\u00e9pondu qu\u2019il attendait des instructions depuis dix jours. Je ne manquerai pas de m\u2019y rendre demain d\u00e8s potron-minet mais je suis un peu las de chercher une solution et de voir qu\u2019en m\u00eame temps nos ministres ou les langues de bois de leur porte-parolat nous promettent une vaccination massive avec infirmiers lib\u00e9raux ou m\u00eame pompiers quand sur le terrain\u2026 pas grand-chose.<br \/>\nLe ministre des Solidarit\u00e9s et de la Sant\u00e9 ne pensait pas se retrouver face \u00e0 une situation d\u2019une telle ampleur quand il d\u00e9crocha son maroquin, peut-on \u00e0 tout le moins lui accorder. Mais maintenant il faudrait peut-\u00eatre assumer, se rendre compte que notre pays a \u00e9chou\u00e9 lamentablement face \u00e0 cette situation. Echec de la fabrication du vaccin, \u00e9chec de la logistique et donc \u00e9chec de l\u2019immunit\u00e9 collective promise pour l\u2019\u00e9t\u00e9 prochain, nous avons assist\u00e9 \u00e0 une juxtaposition de l\u2019incomp\u00e9tence et de l\u2019inexp\u00e9rience et nous aurons bient\u00f4t cent mille morts.<br \/>\nNous vivons une travers\u00e9e du d\u00e9sert qui rappelle d\u2019une autre mani\u00e8re Pessah, un moment intense de notre vie juive, un moment qui permet aux familles de se retrouver et je pense \u00e0 celles qui, emp\u00each\u00e9es par des raisons professionnelles, g\u00e9ographiques ou sanitaires, attendent toute l\u2019ann\u00e9e ce moment-l\u00e0. Cette ann\u00e9e, pour la deuxi\u00e8me fois cons\u00e9cutive, Pessah n\u2019aura pas rev\u00eatu la forme accoutum\u00e9e. C\u2019est triste parce que le socle de la famille peut ici ou l\u00e0 se l\u00e9zarder. Petit r\u00e9confort, la renaissance miraculeuse et d\u00e9j\u00e0 tant appr\u00e9ci\u00e9e de notre hebdomadaire Actualit\u00e9 Juive qui nous r\u00e9chauffe le c\u0153ur, sa lecture est un v\u00e9ritable plaisir qui nous accompagnera au-del\u00e0 des f\u00eates.<br \/>\nAbonnez-vous, c\u2019est le moment car c\u2019est un rayon de soleil que vous trouverez dans votre bo\u00eete aux lettres et vous le d\u00e9vorerez le matin, le soir ou de midi \u00e0 minuit.<\/p>\n","protected":false},"excerpt":{"rendered":"<p>Par Alain Kaminski Je ne peux pas faire grand-chose pour ces pauvres dames que je connais depuis si longtemps, parfois<\/p>\n","protected":false},"author":1,"featured_media":0,"comment_status":"open","ping_status":"open","sticky":false,"template":"","format":"standard","meta":{"_mi_skip_tracking":false,"_exactmetrics_sitenote_active":false,"_exactmetrics_sitenote_note":"","_exactmetrics_sitenote_category":0,"footnotes":""},"categories":[4],"tags":[54,66],"table_tags":[],"_links":{"self":[{"href":"https:\/\/aifonline.net\/index.php?rest_route=\/wp\/v2\/posts\/1959"}],"collection":[{"href":"https:\/\/aifonline.net\/index.php?rest_route=\/wp\/v2\/posts"}],"about":[{"href":"https:\/\/aifonline.net\/index.php?rest_route=\/wp\/v2\/types\/post"}],"author":[{"embeddable":true,"href":"https:\/\/aifonline.net\/index.php?rest_route=\/wp\/v2\/users\/1"}],"replies":[{"embeddable":true,"href":"https:\/\/aifonline.net\/index.php?rest_route=%2Fwp%2Fv2%2Fcomments&post=1959"}],"version-history":[{"count":2,"href":"https:\/\/aifonline.net\/index.php?rest_route=\/wp\/v2\/posts\/1959\/revisions"}],"predecessor-version":[{"id":1961,"href":"https:\/\/aifonline.net\/index.php?rest_route=\/wp\/v2\/posts\/1959\/revisions\/1961"}],"wp:attachment":[{"href":"https:\/\/aifonline.net\/index.php?rest_route=%2Fwp%2Fv2%2Fmedia&parent=1959"}],"wp:term":[{"taxonomy":"category","embeddable":true,"href":"https:\/\/aifonline.net\/index.php?rest_route=%2Fwp%2Fv2%2Fcategories&post=1959"},{"taxonomy":"post_tag","embeddable":true,"href":"https:\/\/aifonline.net\/index.php?rest_route=%2Fwp%2Fv2%2Ftags&post=1959"},{"taxonomy":"table_tags","embeddable":true,"href":"https:\/\/aifonline.net\/index.php?rest_route=%2Fwp%2Fv2%2Ftable_tags&post=1959"}],"curies":[{"name":"wp","href":"https:\/\/api.w.org\/{rel}","templated":true}]}}