{"id":2007,"date":"2021-04-22T12:25:21","date_gmt":"2021-04-22T10:25:21","guid":{"rendered":"http:\/\/aifonline.net\/?p=2007"},"modified":"2021-04-22T13:41:04","modified_gmt":"2021-04-22T11:41:04","slug":"livre-tout-peut-soublier-olivier-adam","status":"publish","type":"post","link":"https:\/\/aifonline.net\/?p=2007","title":{"rendered":"Livre : Tout peut s&#8217;oublier par Olivier Adam"},"content":{"rendered":"<p><em><strong>Les recommandations litt\u00e9raires de Sabine Strul<\/strong><\/em><\/p>\n<p>Que peut faire Nathan quand son ex-femme d\u00e9cide &#8211; son gamin sous le bras et sans le pr\u00e9venir &#8211; de rentrer au Japon, son pays d&#8217;origine ? Le cauchemar commence pour Nathan, qui se lance dans une qu\u00eate effr\u00e9n\u00e9e pour les retrouver au Japon, pays qu&#8217;il conna\u00eet bien mais red\u00e9couvre sous un jour tr\u00e8s cruel, face au vide juridique sur place et \u00e0 la perte de son statut de p\u00e8re&#8230; car en divor\u00e7ant, son ex-femme n&#8217;est soumise \u00e0 aucune obligation parentale.<br \/>\nC&#8217;est donc l&#8217;histoire d&#8217;une disparition et d&#8217;une recherche de l&#8217;autre&#8230; et de soi.<br \/>\nOlivier Adam, avec beaucoup de talent et un regard fin de notre soci\u00e9t\u00e9, explore la fragilit\u00e9 des liens qui unissent parents et enfants. Il nous livre un roman bouleversant, tendre et contemporain, aussi brutal que d\u00e9licat.<br \/>\nOlivier Adam (n\u00e9 en 1974) est l&#8217;auteur de nombreux romans, parmi lesquels je vous recommande <em>Je vais bien, ne t&#8217;en fais pas<\/em> (adapt\u00e9 au cin\u00e9ma),\u00a0<em>Des vents contraires<\/em> et\u00a0<em>Une partie de badminton.<\/em><\/p>\n<p><img decoding=\"async\" loading=\"lazy\" class=\"aligncenter wp-image-2008\" src=\"https:\/\/aifonline.net\/wp-content\/uploads\/2021\/04\/TOUT-PEUT-S-OUBLIER.jpg\" alt=\"\" width=\"257\" height=\"400\" srcset=\"https:\/\/aifonline.net\/wp-content\/uploads\/2021\/04\/TOUT-PEUT-S-OUBLIER.jpg 293w, https:\/\/aifonline.net\/wp-content\/uploads\/2021\/04\/TOUT-PEUT-S-OUBLIER-193x300.jpg 193w\" sizes=\"(max-width: 257px) 100vw, 257px\" \/><\/p>\n<p><em>Tout peut s&#8217;oublier<\/em> &#8211; Olivier Adam<br \/>\nEdit Flammarion &#8211; parution : Janvier 2021 &#8211; 20\u20ac &#8211; 263 pages<\/p>\n","protected":false},"excerpt":{"rendered":"<p>Les recommandations litt\u00e9raires de Sabine Strul Que peut faire Nathan quand son ex-femme d\u00e9cide &#8211; son gamin sous le bras<\/p>\n","protected":false},"author":1,"featured_media":0,"comment_status":"open","ping_status":"open","sticky":false,"template":"","format":"standard","meta":{"_mi_skip_tracking":false,"_exactmetrics_sitenote_active":false,"_exactmetrics_sitenote_note":"","_exactmetrics_sitenote_category":0,"footnotes":""},"categories":[36],"tags":[35],"table_tags":[],"_links":{"self":[{"href":"https:\/\/aifonline.net\/index.php?rest_route=\/wp\/v2\/posts\/2007"}],"collection":[{"href":"https:\/\/aifonline.net\/index.php?rest_route=\/wp\/v2\/posts"}],"about":[{"href":"https:\/\/aifonline.net\/index.php?rest_route=\/wp\/v2\/types\/post"}],"author":[{"embeddable":true,"href":"https:\/\/aifonline.net\/index.php?rest_route=\/wp\/v2\/users\/1"}],"replies":[{"embeddable":true,"href":"https:\/\/aifonline.net\/index.php?rest_route=%2Fwp%2Fv2%2Fcomments&post=2007"}],"version-history":[{"count":6,"href":"https:\/\/aifonline.net\/index.php?rest_route=\/wp\/v2\/posts\/2007\/revisions"}],"predecessor-version":[{"id":2065,"href":"https:\/\/aifonline.net\/index.php?rest_route=\/wp\/v2\/posts\/2007\/revisions\/2065"}],"wp:attachment":[{"href":"https:\/\/aifonline.net\/index.php?rest_route=%2Fwp%2Fv2%2Fmedia&parent=2007"}],"wp:term":[{"taxonomy":"category","embeddable":true,"href":"https:\/\/aifonline.net\/index.php?rest_route=%2Fwp%2Fv2%2Fcategories&post=2007"},{"taxonomy":"post_tag","embeddable":true,"href":"https:\/\/aifonline.net\/index.php?rest_route=%2Fwp%2Fv2%2Ftags&post=2007"},{"taxonomy":"table_tags","embeddable":true,"href":"https:\/\/aifonline.net\/index.php?rest_route=%2Fwp%2Fv2%2Ftable_tags&post=2007"}],"curies":[{"name":"wp","href":"https:\/\/api.w.org\/{rel}","templated":true}]}}