{"id":2040,"date":"2021-04-22T12:30:26","date_gmt":"2021-04-22T10:30:26","guid":{"rendered":"http:\/\/aifonline.net\/?p=2040"},"modified":"2021-04-22T13:45:03","modified_gmt":"2021-04-22T11:45:03","slug":"billet-il-manquait-du-souffle","status":"publish","type":"post","link":"https:\/\/aifonline.net\/?p=2040","title":{"rendered":"Billet : La grande histoire et les autres"},"content":{"rendered":"<p><em><strong>Par Alain Kaminski<\/strong><\/em><\/p>\n<p>La Journ\u00e9e Nationale des Victimes de la D\u00e9portation se d\u00e9roule chaque ann\u00e9e le dernier dimanche du mois d\u2019avril, une date retenue en raison de sa proximit\u00e9 avec la date anniversaire de la lib\u00e9ration de la plupart des camps. Aussi parce qu\u2019elle ne pouvait se confondre avec aucune autre c\u00e9l\u00e9bration nationale existante.<br \/>\nBien que le dernier dimanche d\u2019avril soit toujours proche de la date de mon anniversaire, tombant parfois le m\u00eame jour, je ne manquais jamais d\u2019\u00eatre aux c\u00f4t\u00e9s de mon p\u00e8re lors de ces c\u00e9r\u00e9monies de comm\u00e9moration o\u00f9 il retrouvait souvent ses camarades de mis\u00e8re qu\u2019il fr\u00e9quentait r\u00e9guli\u00e8rement depuis la lib\u00e9ration des camps, au sein d\u2019une association d\u2019anciens d\u00e9port\u00e9s.<br \/>\nA l\u2019issue de l\u2019une d\u2019elles, je raccompagnais mon p\u00e8re chez lui et au bout de quelques minutes, nous nous f\u00eemes arr\u00eat\u00e9s par un fonctionnaire de police qui avait relev\u00e9 que mon vieux p\u00e8re n\u2019avait pas attach\u00e9 sa ceinture de s\u00e9curit\u00e9. Effectivement, mon p\u00e8re ne l\u2019attachait jamais mais cette fois-ci il s\u2019entendit formuler\u00a0: \u00ab\u00a0Monsieur, vous n\u2019avez pas attach\u00e9 votre ceinture de s\u00e9curit\u00e9, je vais me voir contraint de vous verbaliser. Pourriez-vous me pr\u00e9senter vos papiers d\u2019identit\u00e9, s\u2019il vous pla\u00eet\u00a0\u00bb\u00a0?<br \/>\nBelle syntaxe avant celle qui allait suivre car \u00e0 cet instant mon p\u00e8re lui r\u00e9pondit\u00a0:\u00a0\u00ab\u00a0Mais M\u00e9ssier l\u2019agent, j\u00e9 n\u00e9 l\u00e9 pas attach\u00e9 parc\u00e9 qu\u00e9 j\u00e9 manque du souffle, j\u2019ai la lettre du m\u00e9decin de la Commission de la R\u00e9forme qui dit qu\u00e9 j\u2019ai aval\u00e9 la poussi\u00e8re dans le camp, qu\u00e9 j\u00e9 suis r\u00e9v\u00e9nu du camp avec les bronches rong\u00e9es par la poussi\u00e8re et qu\u2019elles ont provoqu\u00e9 ine insiffisance respiratoire d\u00e9 44%. Voil\u00e0 j\u00e9 vous montre ma carte du grand invalide de guerre, ma carte du d\u00e9port\u00e9, ma carte du handucap\u00e9, ma carte de la station debout p\u00e9nible, ma carte de double barre qui dit que j\u00e9 suis invalide \u00e0 100% pliss 24 d\u00e9gr\u00e9s, je suis \u00e0 la fois un grande invalide et un grande handucap\u00e9 \u00bb.<br \/>\nMoi, je me suis cru en cet instant sur le plateau de tournage d\u2019un film, la situation \u00e9tant devenue tellement ubuesque, je redoutais d\u2019\u00eatre pris d\u2019un fou rire et si mon p\u00e8re manquait effectivement de souffle, j\u2019essayais pour ma part de retenir le mien. Le fonctionnaire de police finit par dire \u00e0 mon p\u00e8re\u00a0: \u00ab\u00a0Allez, rangez-moi votre album de cartes et circulez\u00a0!\u00a0\u00bb. Nous poursuiv\u00eemes alors notre route pendant que mon p\u00e8re tenait \u00e0 me prouver qu\u2019il avait obtenu l\u2019indulgence du fonctionnaire de police \u00e0 la faveur de la clart\u00e9 de ses explications.<br \/>\nCette sc\u00e8ne me revient chaque ann\u00e9e en cette fin de mois d\u2019avril.<br \/>\nLes rescap\u00e9s des camps sont des passeurs de m\u00e9moire, mais de plus, leur vie au quotidien est parsem\u00e9e de la petite histoire, celle qui nous vient d\u2019un autre temps, d\u2019un autre monde, celle qui fait qu\u2019ils nous manquent si cruellement. Dix ans apr\u00e8s la disparition de mon p\u00e8re, je n\u2019arrive pas \u00e0 trouver une seule journ\u00e9e o\u00f9 je ne pense pas \u00e0 lui, \u00e0 un moment ou \u00e0 un autre.<br \/>\nQue la m\u00e9moire des d\u00e9port\u00e9s soit b\u00e9nie, que le souvenir des rescap\u00e9s de la d\u00e9portation ne nous quitte jamais.<\/p>\n<p><em>Publi\u00e9 dans Actualit\u00e9 Juive n\u00b01596 du 22 avril 2021<\/em><\/p>\n","protected":false},"excerpt":{"rendered":"<p>Par Alain Kaminski La Journ\u00e9e Nationale des Victimes de la D\u00e9portation se d\u00e9roule chaque ann\u00e9e le dernier dimanche du mois<\/p>\n","protected":false},"author":1,"featured_media":0,"comment_status":"open","ping_status":"open","sticky":false,"template":"","format":"standard","meta":{"_mi_skip_tracking":false,"_exactmetrics_sitenote_active":false,"_exactmetrics_sitenote_note":"","_exactmetrics_sitenote_category":0,"footnotes":""},"categories":[4],"tags":[78,40],"table_tags":[],"_links":{"self":[{"href":"https:\/\/aifonline.net\/index.php?rest_route=\/wp\/v2\/posts\/2040"}],"collection":[{"href":"https:\/\/aifonline.net\/index.php?rest_route=\/wp\/v2\/posts"}],"about":[{"href":"https:\/\/aifonline.net\/index.php?rest_route=\/wp\/v2\/types\/post"}],"author":[{"embeddable":true,"href":"https:\/\/aifonline.net\/index.php?rest_route=\/wp\/v2\/users\/1"}],"replies":[{"embeddable":true,"href":"https:\/\/aifonline.net\/index.php?rest_route=%2Fwp%2Fv2%2Fcomments&post=2040"}],"version-history":[{"count":4,"href":"https:\/\/aifonline.net\/index.php?rest_route=\/wp\/v2\/posts\/2040\/revisions"}],"predecessor-version":[{"id":2067,"href":"https:\/\/aifonline.net\/index.php?rest_route=\/wp\/v2\/posts\/2040\/revisions\/2067"}],"wp:attachment":[{"href":"https:\/\/aifonline.net\/index.php?rest_route=%2Fwp%2Fv2%2Fmedia&parent=2040"}],"wp:term":[{"taxonomy":"category","embeddable":true,"href":"https:\/\/aifonline.net\/index.php?rest_route=%2Fwp%2Fv2%2Fcategories&post=2040"},{"taxonomy":"post_tag","embeddable":true,"href":"https:\/\/aifonline.net\/index.php?rest_route=%2Fwp%2Fv2%2Ftags&post=2040"},{"taxonomy":"table_tags","embeddable":true,"href":"https:\/\/aifonline.net\/index.php?rest_route=%2Fwp%2Fv2%2Ftable_tags&post=2040"}],"curies":[{"name":"wp","href":"https:\/\/api.w.org\/{rel}","templated":true}]}}