{"id":2122,"date":"2021-05-19T10:54:50","date_gmt":"2021-05-19T08:54:50","guid":{"rendered":"http:\/\/aifonline.net\/?p=2122"},"modified":"2021-05-19T10:10:58","modified_gmt":"2021-05-19T08:10:58","slug":"livre-les-enfants-sont-rois-par-delphine-de-vigan","status":"publish","type":"post","link":"https:\/\/aifonline.net\/?p=2122","title":{"rendered":"Livre : Les enfants sont rois par Delphine de Vigan"},"content":{"rendered":"<p><em><strong>Les recommandations litt\u00e9raires de Sabine Strul<\/strong><\/em><\/p>\n<p>M\u00e9lanie n&#8217;a qu&#8217;une obsession dans la vie : filmer ses deux enfants \u00e0 toute heure, afin d&#8217;alimenter la cha\u00eene youtube qu&#8217;elle a cr\u00e9e\u00a0il y a quelques ann\u00e9es. Tout se passe au mieux jusqu&#8217;au jour o\u00f9 sa fille de six ans, starlette des r\u00e9seaux sociaux, dispara\u00eet.<br \/>\nD\u00e9bute alors une enqu\u00eate autour de la notori\u00e9t\u00e9 des parents, mettant en sc\u00e8ne leurs enfants &#8220;pour gratter des like&#8221;.<br \/>\nC&#8217;est un roman palpitant et fascinant qui montre les ravages de l&#8217;exhibition et de l&#8217;exploitation des enfants sur les r\u00e9seaux sociaux. Addictif et dans &#8220;l&#8217;air du temps&#8221;.<br \/>\nNB : une loi visant \u00e0 encadrer l&#8217;exploitation commerciale de l&#8217;image des enfants influenceurs sur les plateformes en ligne, a \u00e9t\u00e9 vot\u00e9e en 2020 en France (premier pays \u00e0 l\u00e9gif\u00e9rer)&#8230; mais est-elle appliqu\u00e9e?<br \/>\nDelphine de Vigan est notamment l&#8217;auteur de <em>No et moi<\/em> ; <em>Rien ne n&#8217;oppose \u00e0 la nuit<\/em> ; <em>D&#8217;apr\u00e8s une histoire vraie<\/em>\u00a0(Prix Renaudot et Goncourt des lyc\u00e9es).<\/p>\n<p><img decoding=\"async\" loading=\"lazy\" class=\"size-full wp-image-2125 aligncenter\" src=\"https:\/\/aifonline.net\/wp-content\/uploads\/2021\/05\/Les-enfants-sont-rois.jpg\" alt=\"\" width=\"340\" height=\"340\" srcset=\"https:\/\/aifonline.net\/wp-content\/uploads\/2021\/05\/Les-enfants-sont-rois.jpg 340w, https:\/\/aifonline.net\/wp-content\/uploads\/2021\/05\/Les-enfants-sont-rois-150x150.jpg 150w, https:\/\/aifonline.net\/wp-content\/uploads\/2021\/05\/Les-enfants-sont-rois-300x300.jpg 300w\" sizes=\"(max-width: 340px) 100vw, 340px\" \/><\/p>\n<p><em>Les enfants sont rois<\/em>\u00a0de Delphine de Vigan<br \/>\nEdit Gallimard &#8211; 347 pages &#8211; Parution f\u00e9vrier 21 &#8211; 20\u20ac<\/p>\n<p>&nbsp;<\/p>\n","protected":false},"excerpt":{"rendered":"<p>Les recommandations litt\u00e9raires de Sabine Strul M\u00e9lanie n&#8217;a qu&#8217;une obsession dans la vie : filmer ses deux enfants \u00e0 toute<\/p>\n","protected":false},"author":1,"featured_media":0,"comment_status":"open","ping_status":"open","sticky":false,"template":"","format":"standard","meta":{"_mi_skip_tracking":false,"_exactmetrics_sitenote_active":false,"_exactmetrics_sitenote_note":"","_exactmetrics_sitenote_category":0,"footnotes":""},"categories":[36],"tags":[35],"table_tags":[],"_links":{"self":[{"href":"https:\/\/aifonline.net\/index.php?rest_route=\/wp\/v2\/posts\/2122"}],"collection":[{"href":"https:\/\/aifonline.net\/index.php?rest_route=\/wp\/v2\/posts"}],"about":[{"href":"https:\/\/aifonline.net\/index.php?rest_route=\/wp\/v2\/types\/post"}],"author":[{"embeddable":true,"href":"https:\/\/aifonline.net\/index.php?rest_route=\/wp\/v2\/users\/1"}],"replies":[{"embeddable":true,"href":"https:\/\/aifonline.net\/index.php?rest_route=%2Fwp%2Fv2%2Fcomments&post=2122"}],"version-history":[{"count":2,"href":"https:\/\/aifonline.net\/index.php?rest_route=\/wp\/v2\/posts\/2122\/revisions"}],"predecessor-version":[{"id":2126,"href":"https:\/\/aifonline.net\/index.php?rest_route=\/wp\/v2\/posts\/2122\/revisions\/2126"}],"wp:attachment":[{"href":"https:\/\/aifonline.net\/index.php?rest_route=%2Fwp%2Fv2%2Fmedia&parent=2122"}],"wp:term":[{"taxonomy":"category","embeddable":true,"href":"https:\/\/aifonline.net\/index.php?rest_route=%2Fwp%2Fv2%2Fcategories&post=2122"},{"taxonomy":"post_tag","embeddable":true,"href":"https:\/\/aifonline.net\/index.php?rest_route=%2Fwp%2Fv2%2Ftags&post=2122"},{"taxonomy":"table_tags","embeddable":true,"href":"https:\/\/aifonline.net\/index.php?rest_route=%2Fwp%2Fv2%2Ftable_tags&post=2122"}],"curies":[{"name":"wp","href":"https:\/\/api.w.org\/{rel}","templated":true}]}}