{"id":2127,"date":"2021-05-19T10:55:21","date_gmt":"2021-05-19T08:55:21","guid":{"rendered":"http:\/\/aifonline.net\/?p=2127"},"modified":"2021-05-19T10:10:32","modified_gmt":"2021-05-19T08:10:32","slug":"livre-la-chasse-par-bernard-minier","status":"publish","type":"post","link":"https:\/\/aifonline.net\/?p=2127","title":{"rendered":"Livre : La Chasse par Bernard Minier"},"content":{"rendered":"<p><em><strong>Les recommandations litt\u00e9raires de Sabine Strul<\/strong><\/em><\/p>\n<p>&#8220;Un cerf surgit dans la nuit mais l&#8217;animal a des yeux humains&#8221;&#8230; Ainsi d\u00e9bute le nouveau thriller de Bernard Minier, qui, avec ce r\u00e9cit, traite de faits tr\u00e8s ancr\u00e9s dans la r\u00e9alit\u00e9 de 2020. Il \u00e9voque en effet le confinement et ses cons\u00e9quences sur le trafic de la drogue : restrictions de la circulation entra\u00eenant l&#8217;ass\u00e8chement des sources d&#8217;approvisionnement ; bandes rivales de plus en plus nerveuses ; trafiquants frustr\u00e9s d&#8217;o\u00f9 la flamb\u00e9e de la violence&#8230; et l&#8217;effondrement de l&#8217;autorit\u00e9.<br \/>\nAu c\u0153ur de l&#8217;enqu\u00eate, le Commandant Servaz\u00a0&#8211; entour\u00e9 de son \u00e9quipe habituelle &#8211;\u00a0 est aux prises avec un groupuscule qui juge et punit&#8230; quand la justice ne le fait pas.<br \/>\nManipulations, r\u00e8glements de compte, <em>La Chasse<\/em> avec ses chapitres courts, ses propos &#8220;muscl\u00e9s&#8221; est un livre fort, cr\u00e9dible et efficace qui s&#8217;imbrique\u00a0parfaitement dans l&#8217;actualit\u00e9.<br \/>\nC&#8217;est le neuvi\u00e8me roman de Bernard Minier, l&#8217;auteur de polars le plus lu en France en 2020, avec son pr\u00e9c\u00e9dent roman\u00a0: <em>La\u00a0Vall\u00e9e<\/em>.\u00a0Je vous recommande aussi &#8220;Glac\u00e9 &#8221; son premier roman.<\/p>\n<p><img decoding=\"async\" loading=\"lazy\" class=\"size-full wp-image-2124 aligncenter\" src=\"https:\/\/aifonline.net\/wp-content\/uploads\/2021\/05\/LA_CHASSE_CV.jpg\" alt=\"\" width=\"400\" height=\"618\" srcset=\"https:\/\/aifonline.net\/wp-content\/uploads\/2021\/05\/LA_CHASSE_CV.jpg 400w, https:\/\/aifonline.net\/wp-content\/uploads\/2021\/05\/LA_CHASSE_CV-194x300.jpg 194w\" sizes=\"(max-width: 400px) 100vw, 400px\" \/><em>La Chasse<\/em>\u00a0de BERNARD MINIER<br \/>\nXO Editions &#8211; 427 pages &#8211; Parution mars 2021 &#8211; 21.90\u20ac<\/p>\n","protected":false},"excerpt":{"rendered":"<p>Les recommandations litt\u00e9raires de Sabine Strul &#8220;Un cerf surgit dans la nuit mais l&#8217;animal a des yeux humains&#8221;&#8230; Ainsi d\u00e9bute<\/p>\n","protected":false},"author":1,"featured_media":0,"comment_status":"open","ping_status":"open","sticky":false,"template":"","format":"standard","meta":{"_mi_skip_tracking":false,"_exactmetrics_sitenote_active":false,"_exactmetrics_sitenote_note":"","_exactmetrics_sitenote_category":0,"footnotes":""},"categories":[36],"tags":[35],"table_tags":[],"_links":{"self":[{"href":"https:\/\/aifonline.net\/index.php?rest_route=\/wp\/v2\/posts\/2127"}],"collection":[{"href":"https:\/\/aifonline.net\/index.php?rest_route=\/wp\/v2\/posts"}],"about":[{"href":"https:\/\/aifonline.net\/index.php?rest_route=\/wp\/v2\/types\/post"}],"author":[{"embeddable":true,"href":"https:\/\/aifonline.net\/index.php?rest_route=\/wp\/v2\/users\/1"}],"replies":[{"embeddable":true,"href":"https:\/\/aifonline.net\/index.php?rest_route=%2Fwp%2Fv2%2Fcomments&post=2127"}],"version-history":[{"count":2,"href":"https:\/\/aifonline.net\/index.php?rest_route=\/wp\/v2\/posts\/2127\/revisions"}],"predecessor-version":[{"id":2129,"href":"https:\/\/aifonline.net\/index.php?rest_route=\/wp\/v2\/posts\/2127\/revisions\/2129"}],"wp:attachment":[{"href":"https:\/\/aifonline.net\/index.php?rest_route=%2Fwp%2Fv2%2Fmedia&parent=2127"}],"wp:term":[{"taxonomy":"category","embeddable":true,"href":"https:\/\/aifonline.net\/index.php?rest_route=%2Fwp%2Fv2%2Fcategories&post=2127"},{"taxonomy":"post_tag","embeddable":true,"href":"https:\/\/aifonline.net\/index.php?rest_route=%2Fwp%2Fv2%2Ftags&post=2127"},{"taxonomy":"table_tags","embeddable":true,"href":"https:\/\/aifonline.net\/index.php?rest_route=%2Fwp%2Fv2%2Ftable_tags&post=2127"}],"curies":[{"name":"wp","href":"https:\/\/api.w.org\/{rel}","templated":true}]}}