{"id":2146,"date":"2021-05-19T11:00:08","date_gmt":"2021-05-19T09:00:08","guid":{"rendered":"http:\/\/aifonline.net\/?p=2146"},"modified":"2021-05-19T10:04:29","modified_gmt":"2021-05-19T08:04:29","slug":"billet-de-gaza-au-bd-barbes","status":"publish","type":"post","link":"https:\/\/aifonline.net\/?p=2146","title":{"rendered":"Billet : De Gaza&#8230; au Bd Barb\u00e8s"},"content":{"rendered":"<p><em><strong>Par Alain Kaminski<\/strong><\/em><\/p>\n<p>Je me garderai bien de m\u2019immiscer dans un d\u00e9bat politique, de m\u2019installer dans une pol\u00e9mique voire m\u00eame de faire part de mes sentiments et ce n\u2019est pas l\u2019envie qui me manque d\u2019exprimer ma tristesse en voyant ces images du Proche-Orient o\u00f9 le sang coule l\u00e0 o\u00f9 devaient couler le lait et le miel. En Isra\u00ebl, les extr\u00e9mistes de tous bords d\u00e9versent leur haine et cette situation t\u00e9l\u00e9guid\u00e9e par les terroristes du Hamas a conduit dans les villes isra\u00e9liennes \u00e0 un affrontement entre juifs et arabes aussi isra\u00e9liens les uns que les autres. Ceux qui prenaient hier le th\u00e9 ensemble se d\u00e9testent aujourd\u2019hui, il faudra des ann\u00e9es ou des g\u00e9n\u00e9rations pour qu\u2019ils reprennent le th\u00e9 ensemble. C\u2019est ce que voulaient les terroristes depuis Gaza.<br \/>\nPlus pr\u00e8s de chez nous, la solidarit\u00e9 musulmane s\u2019affiche \u00e0 nouveau d\u2019une mani\u00e8re s\u00e9lective et plus naus\u00e9abonde que jamais.<br \/>\nQuelle explication fond\u00e9e pourrait-on donner \u00e0 l\u2019importation de ce conflit venu de 4000 kms, \u00e0 ces manifestations autoris\u00e9es en province car organis\u00e9es et encadr\u00e9es par la CGT, que les choses soient claires, et non autoris\u00e9es \u00e0 juste titre \u00e0 Paris, d\u00e9cision minist\u00e9rielle approuv\u00e9e par le pr\u00e9fet, le tribunal administratif, le Conseil d\u2019Etat et la Maire de Paris, car les organisateurs se sont toujours montr\u00e9s incapables de d\u00e9fendre une cause sans cracher leur venin et sans pouvoir respecter l\u2019ordre public.<br \/>\nEt, \u00e0 tout le moins, on peut se demander pourquoi, au nom de la solidarit\u00e9 musulmane, ceux qu\u2019on a vu renverser et br\u00fbler les poubelles du Bd Barb\u00e8s, ne manifestent jamais pour d\u00e9fendre les kurdes, peuple musulman de 40 millions d\u2019\u00e2mes avec sa langue et sa culture, et qui n\u2019a toujours pas de pays, et qui a an\u00e9anti Daesh de surcro\u00eet. Et le Darfour avec ses 200\u00a0000 morts, ses deux millions de personnes d\u00e9plac\u00e9es, ses 250\u00a0000 r\u00e9fugi\u00e9s. Et la Syrie avec ses centaines de milliers de disparus sans laisser de traces, ses cinq millions de personnes qui ont fui leur pays, une v\u00e9ritable guerre d\u2019an\u00e9antissement. Il y a quelques mois seulement, des rebelles musulmans pillaient et tuaient de sang-froid la quasi-totalit\u00e9 de la population d\u2019Aksoum, une ville \u00e9thiopienne de 50\u00a0000 habitants. Mais \u00e0 Marseille, Lyon ou Bordeaux, on a pens\u00e9 qu\u2019il n\u2019y avait qu\u2019un seul coupable au monde, l\u2019Etat d\u2019Isra\u00ebl et un seul peuple pers\u00e9cut\u00e9 et pacifiste, le peuple palestinien.<br \/>\nEn Birmanie, la minorit\u00e9 musulmane Rohinga, consid\u00e9r\u00e9e comme le peuple le plus pers\u00e9cut\u00e9 au monde par l\u2019ONU et avec le silence d\u2019Ang-Sang Su Ki, prix Nobel de la Paix, n\u2019a jamais fait l\u2019objet d\u2019une quelconque compassion de la part des manifestants d\u2019hier \u00e0 Paris. Au Yemen, l\u2019aviation saoudienne a fait tomber l\u2019\u00e9t\u00e9 dernier un \u00e9tablissement universitaire comme un ch\u00e2teau de cartes faisant deux cents morts, on est loin de l\u2019immeuble abritant Al-Jazeera et le centre de renseignements du Hamas qui a \u00e9t\u00e9 \u00e9vacu\u00e9 car Isra\u00ebl avait pr\u00e9venu de sa destruction deux heures plus t\u00f4t.<br \/>\nCette solidarit\u00e9 avec un monde musulman pers\u00e9cut\u00e9 aux quatre coins de la plan\u00e8te s\u2019est vite perdue dans certains territoires de la R\u00e9publique, eux aussi peut-\u00eatre perdus.<br \/>\nLa compassion suivie de la haine n\u2019a pignon sur rue que dans le cadre de la m\u00e9diatisation du conflit isra\u00e9lo-palestinien, une situation que des milliers de gens se refusent de nommer autrement que par \u00ab\u00a0conflit\u00a0\u00bb isra\u00e9lo-palestinien. Une d\u00e9nomination que d\u2019aucuns attribuent \u00e0 dessein \u00e0 une r\u00e9gion qui se d\u00e9finit g\u00e9ographiquement par le nom de Proche-Orient.<br \/>\nIsra\u00ebl reste l\u2019Etat \u00e0 abattre, m\u00eame quand la Syrie \u00e0 quelques encablures a implos\u00e9 avec un dirigeant qui n\u2019h\u00e9site pas \u00e0 massacrer son peuple.<br \/>\n<span class=\"s1\">Cherchez l\u2019erreur, cherchez la r\u00e9ponse. L\u2019antis\u00e9mitisme peut-\u00eatre \u00e0 travers la plan\u00e8te ou l\u2019antis\u00e9mitisme sans doute \u00e0 Paris et ailleurs.<\/span><\/p>\n","protected":false},"excerpt":{"rendered":"<p>Par Alain Kaminski Je me garderai bien de m\u2019immiscer dans un d\u00e9bat politique, de m\u2019installer dans une pol\u00e9mique voire m\u00eame<\/p>\n","protected":false},"author":1,"featured_media":0,"comment_status":"open","ping_status":"open","sticky":false,"template":"","format":"standard","meta":{"_mi_skip_tracking":false,"_exactmetrics_sitenote_active":false,"_exactmetrics_sitenote_note":"","_exactmetrics_sitenote_category":0,"footnotes":""},"categories":[4],"tags":[28,42,41,44,45],"table_tags":[],"_links":{"self":[{"href":"https:\/\/aifonline.net\/index.php?rest_route=\/wp\/v2\/posts\/2146"}],"collection":[{"href":"https:\/\/aifonline.net\/index.php?rest_route=\/wp\/v2\/posts"}],"about":[{"href":"https:\/\/aifonline.net\/index.php?rest_route=\/wp\/v2\/types\/post"}],"author":[{"embeddable":true,"href":"https:\/\/aifonline.net\/index.php?rest_route=\/wp\/v2\/users\/1"}],"replies":[{"embeddable":true,"href":"https:\/\/aifonline.net\/index.php?rest_route=%2Fwp%2Fv2%2Fcomments&post=2146"}],"version-history":[{"count":5,"href":"https:\/\/aifonline.net\/index.php?rest_route=\/wp\/v2\/posts\/2146\/revisions"}],"predecessor-version":[{"id":2151,"href":"https:\/\/aifonline.net\/index.php?rest_route=\/wp\/v2\/posts\/2146\/revisions\/2151"}],"wp:attachment":[{"href":"https:\/\/aifonline.net\/index.php?rest_route=%2Fwp%2Fv2%2Fmedia&parent=2146"}],"wp:term":[{"taxonomy":"category","embeddable":true,"href":"https:\/\/aifonline.net\/index.php?rest_route=%2Fwp%2Fv2%2Fcategories&post=2146"},{"taxonomy":"post_tag","embeddable":true,"href":"https:\/\/aifonline.net\/index.php?rest_route=%2Fwp%2Fv2%2Ftags&post=2146"},{"taxonomy":"table_tags","embeddable":true,"href":"https:\/\/aifonline.net\/index.php?rest_route=%2Fwp%2Fv2%2Ftable_tags&post=2146"}],"curies":[{"name":"wp","href":"https:\/\/api.w.org\/{rel}","templated":true}]}}