{"id":2167,"date":"2021-05-25T12:05:58","date_gmt":"2021-05-25T10:05:58","guid":{"rendered":"http:\/\/aifonline.net\/?p=2167"},"modified":"2021-05-25T12:09:07","modified_gmt":"2021-05-25T10:09:07","slug":"musique-concert-autour-de-bach-et-de-mozart","status":"publish","type":"post","link":"https:\/\/aifonline.net\/?p=2167","title":{"rendered":"Musique : Concert, autour de Bach et de Mozart"},"content":{"rendered":"<p>L&#8217;Open Chamber\u00a0Orchestra vous fait part de son prochain concert, autour de Bach et de Mozart, le 20 juin prochain \u00e0 15h \u00e0 l&#8217;\u00e9glise St. Christophe de Javel, 28 rue de la Convention \u00e0 Paris.<\/p>\n<p>Au programme :<br \/>\nLe troisi\u00e8me concerto Brandebourgeois de J.S. Bach, BWV 1048<br \/>\nLe concerto pour piano et orchestre N\u00b08 &#8220;L\u00fcztow&#8221; KV 246 de Mozart avec la pianiste Dana Ciocarlie<br \/>\nLa symphonie N\u00b029 KV201\u00a0de Mozart<\/p>\n<p>Prix des places : 30\u20ac pour les places adultes avec meilleure visibilit\u00e9 (dans les premiers rangs), 20 \u20ac (prix adulte non plac\u00e9), 10 \u20ac pour les moins de 16 ans.<\/p>\n<p>Comme il n&#8217;y aura pas de billetterie sur place (\u00e0 cause des mesures sanitaires), voici un lien qui vous permet de r\u00e9server vos places par CB sur le site de l&#8217;Open Chamber Orchestra :<br \/>\nhttps:\/\/www.openchamberorchestra.com\/events\/concert-mozart<\/p>\n<p>Pour ceux qui ne peuvent r\u00e9server ainsi, il sera possible jusqu&#8217;au 12 juin de nous envoyer un ch\u00e8que\u00a0\u00e0 l&#8217;ordre de l&#8217;association A TEMPO au 4 Avenue de Champaubert, 75015 Paris, en pr\u00e9cisant le nombre des places.<\/p>\n<p>L&#8217;\u00e9glise permettra une jauge partielle afin de respecter les mesures\u00a0sanitaires.<\/p>\n<p><img decoding=\"async\" loading=\"lazy\" class=\"wp-image-2168 aligncenter\" src=\"https:\/\/aifonline.net\/wp-content\/uploads\/2021\/05\/Affiche-concert-20-juin-2021-760x1024.jpg\" alt=\"\" width=\"400\" height=\"539\" srcset=\"https:\/\/aifonline.net\/wp-content\/uploads\/2021\/05\/Affiche-concert-20-juin-2021.jpg 760w, https:\/\/aifonline.net\/wp-content\/uploads\/2021\/05\/Affiche-concert-20-juin-2021-223x300.jpg 223w\" sizes=\"(max-width: 400px) 100vw, 400px\" \/><\/p>\n","protected":false},"excerpt":{"rendered":"<p>L&#8217;Open Chamber\u00a0Orchestra vous fait part de son prochain concert, autour de Bach et de Mozart, le 20 juin prochain \u00e0<\/p>\n","protected":false},"author":1,"featured_media":0,"comment_status":"open","ping_status":"open","sticky":false,"template":"","format":"standard","meta":{"_mi_skip_tracking":false,"_exactmetrics_sitenote_active":false,"_exactmetrics_sitenote_note":"","_exactmetrics_sitenote_category":0,"footnotes":""},"categories":[71],"tags":[27],"table_tags":[],"_links":{"self":[{"href":"https:\/\/aifonline.net\/index.php?rest_route=\/wp\/v2\/posts\/2167"}],"collection":[{"href":"https:\/\/aifonline.net\/index.php?rest_route=\/wp\/v2\/posts"}],"about":[{"href":"https:\/\/aifonline.net\/index.php?rest_route=\/wp\/v2\/types\/post"}],"author":[{"embeddable":true,"href":"https:\/\/aifonline.net\/index.php?rest_route=\/wp\/v2\/users\/1"}],"replies":[{"embeddable":true,"href":"https:\/\/aifonline.net\/index.php?rest_route=%2Fwp%2Fv2%2Fcomments&post=2167"}],"version-history":[{"count":2,"href":"https:\/\/aifonline.net\/index.php?rest_route=\/wp\/v2\/posts\/2167\/revisions"}],"predecessor-version":[{"id":2170,"href":"https:\/\/aifonline.net\/index.php?rest_route=\/wp\/v2\/posts\/2167\/revisions\/2170"}],"wp:attachment":[{"href":"https:\/\/aifonline.net\/index.php?rest_route=%2Fwp%2Fv2%2Fmedia&parent=2167"}],"wp:term":[{"taxonomy":"category","embeddable":true,"href":"https:\/\/aifonline.net\/index.php?rest_route=%2Fwp%2Fv2%2Fcategories&post=2167"},{"taxonomy":"post_tag","embeddable":true,"href":"https:\/\/aifonline.net\/index.php?rest_route=%2Fwp%2Fv2%2Ftags&post=2167"},{"taxonomy":"table_tags","embeddable":true,"href":"https:\/\/aifonline.net\/index.php?rest_route=%2Fwp%2Fv2%2Ftable_tags&post=2167"}],"curies":[{"name":"wp","href":"https:\/\/api.w.org\/{rel}","templated":true}]}}