{"id":2185,"date":"2021-06-23T07:52:30","date_gmt":"2021-06-23T05:52:30","guid":{"rendered":"http:\/\/aifonline.net\/?p=2185"},"modified":"2021-06-23T07:44:00","modified_gmt":"2021-06-23T05:44:00","slug":"conference-la-rafle-des-notables-avec-anne-sinclair","status":"publish","type":"post","link":"https:\/\/aifonline.net\/?p=2185","title":{"rendered":"Conf\u00e9rence : La rafle des notables, avec Anne Sinclair"},"content":{"rendered":"<p>Retrouvez sur le site de la Biblioth\u00e8que des Amis de l&#8217;Instruction\u00a0du 3e Arrondissement, l&#8217;entretien avec Anne Sinclair \u00e0 la suite de la parution de son livre\u00a0<em>La rafle des notable<\/em>s.<br \/>\nUne Conf\u00e9rence enregistr\u00e9e le jeudi 1er octobre 2020 dont vous pouvez <a href=\"http:\/\/bai.asso.fr\/conference\/rencontre-doctobre-2020-anne-sinclair-la-rafle-des-notables\/\" target=\"_blank\" rel=\"noopener\">voir la vid\u00e9o ici<\/a>.<\/p>\n<p><a href=\"http:\/\/bai.asso.fr\/conference\/rencontre-doctobre-2020-anne-sinclair-la-rafle-des-notables\/\"><img decoding=\"async\" loading=\"lazy\" class=\"aligncenter wp-image-2186\" src=\"https:\/\/aifonline.net\/wp-content\/uploads\/2021\/06\/la_rafle_des_notables-667x1024.jpeg\" alt=\"\" width=\"300\" height=\"461\" srcset=\"https:\/\/aifonline.net\/wp-content\/uploads\/2021\/06\/la_rafle_des_notables-667x1024.jpeg 667w, https:\/\/aifonline.net\/wp-content\/uploads\/2021\/06\/la_rafle_des_notables-195x300.jpeg 195w, https:\/\/aifonline.net\/wp-content\/uploads\/2021\/06\/la_rafle_des_notables-768x1179.jpeg 768w, https:\/\/aifonline.net\/wp-content\/uploads\/2021\/06\/la_rafle_des_notables.jpeg 1400w\" sizes=\"(max-width: 300px) 100vw, 300px\" \/><\/a><\/p>\n<p>\u00ab Cette histoire me hante depuis l\u2019enfance\u2026 \u00bb S\u2019interrogeant sur la mani\u00e8re dont son grand-p\u00e8re paternel, L\u00e9once Schwartz, a \u00e9chapp\u00e9 \u00e0 la d\u00e9portation, Anne Sinclair d\u00e9couvre un chapitre m\u00e9connu de la pers\u00e9cution sous l\u2019Occupation : la \u00ab rafle des notables \u00bb.<br \/>\nEn d\u00e9cembre 1941, les Allemands arr\u00eatent 743 Juifs fran\u00e7ais, chefs d\u2019entreprise, avocats, \u00e9crivains, magistrats. Pour parvenir au quota de mille d\u00e9tenus exig\u00e9s par Berlin, ils adjoignent \u00e0 cette population privil\u00e9gi\u00e9e 300 Juifs \u00e9trangers d\u00e9j\u00e0 prisonniers \u00e0 Drancy.<br \/>\nTous sont enferm\u00e9s au camp de Compi\u00e8gne, sous administration allemande : un vrai camp de concentration nazi d\u2019o\u00f9 partira, en mars 1942, le premier convoi de d\u00e9port\u00e9s de France vers Auschwitz (avant la Rafle du V\u00e9l\u2019 d\u2019Hiv de juillet 1942).<\/p>\n<p>Anne Sinclair, n\u00e9e \u00e0 New York, est une journaliste connue pour avoir anim\u00e9 plusieurs \u00e9missions d\u2019information, dont le c\u00e9l\u00e8bre magazine politique <em>7 sur 7<\/em> sur TF1 de 1984 \u00e0 1997, ainsi que <em>Questions \u00e0 domicile<\/em> de 1985 \u00e0 1989. Elle est directrice \u00e9ditoriale du\u00a0HuffPost\u00a0de 2012 \u00e0 2019.<\/p>\n","protected":false},"excerpt":{"rendered":"<p>Retrouvez sur le site de la Biblioth\u00e8que des Amis de l&#8217;Instruction\u00a0du 3e Arrondissement, l&#8217;entretien avec Anne Sinclair \u00e0 la suite<\/p>\n","protected":false},"author":1,"featured_media":0,"comment_status":"open","ping_status":"open","sticky":false,"template":"","format":"standard","meta":{"_mi_skip_tracking":false,"_exactmetrics_sitenote_active":false,"_exactmetrics_sitenote_note":"","_exactmetrics_sitenote_category":0,"footnotes":""},"categories":[81,29],"tags":[78],"table_tags":[],"_links":{"self":[{"href":"https:\/\/aifonline.net\/index.php?rest_route=\/wp\/v2\/posts\/2185"}],"collection":[{"href":"https:\/\/aifonline.net\/index.php?rest_route=\/wp\/v2\/posts"}],"about":[{"href":"https:\/\/aifonline.net\/index.php?rest_route=\/wp\/v2\/types\/post"}],"author":[{"embeddable":true,"href":"https:\/\/aifonline.net\/index.php?rest_route=\/wp\/v2\/users\/1"}],"replies":[{"embeddable":true,"href":"https:\/\/aifonline.net\/index.php?rest_route=%2Fwp%2Fv2%2Fcomments&post=2185"}],"version-history":[{"count":4,"href":"https:\/\/aifonline.net\/index.php?rest_route=\/wp\/v2\/posts\/2185\/revisions"}],"predecessor-version":[{"id":2191,"href":"https:\/\/aifonline.net\/index.php?rest_route=\/wp\/v2\/posts\/2185\/revisions\/2191"}],"wp:attachment":[{"href":"https:\/\/aifonline.net\/index.php?rest_route=%2Fwp%2Fv2%2Fmedia&parent=2185"}],"wp:term":[{"taxonomy":"category","embeddable":true,"href":"https:\/\/aifonline.net\/index.php?rest_route=%2Fwp%2Fv2%2Fcategories&post=2185"},{"taxonomy":"post_tag","embeddable":true,"href":"https:\/\/aifonline.net\/index.php?rest_route=%2Fwp%2Fv2%2Ftags&post=2185"},{"taxonomy":"table_tags","embeddable":true,"href":"https:\/\/aifonline.net\/index.php?rest_route=%2Fwp%2Fv2%2Ftable_tags&post=2185"}],"curies":[{"name":"wp","href":"https:\/\/api.w.org\/{rel}","templated":true}]}}