{"id":2192,"date":"2021-06-14T07:34:39","date_gmt":"2021-06-14T05:34:39","guid":{"rendered":"http:\/\/aifonline.net\/?p=2192"},"modified":"2021-06-23T07:49:14","modified_gmt":"2021-06-23T05:49:14","slug":"2192","status":"publish","type":"post","link":"https:\/\/aifonline.net\/?p=2192","title":{"rendered":"Musique : L&#8217;Open Chamber Orchestra au Festival des For\u00eats \u00e0 Compi\u00e8gne"},"content":{"rendered":"<p>L&#8217;<strong>Open Chamber Orchestra<\/strong>\u00a0de notre soci\u00e9taire <strong>Ya\u00efr Bena\u00efm<\/strong> est heureux de vous annoncer sa r\u00e9sidence au <strong>Festival des For\u00eats \u00e0 Compi\u00e8gne<\/strong> cette ann\u00e9e, du 29 juin au 1 juillet ! Une occasion d&#8217;assister \u00e0 des concerts de musique classique dans le cadre enchanteur de la for\u00eat de Compi\u00e8gne.<\/p>\n<p><img decoding=\"async\" loading=\"lazy\" class=\"size-full wp-image-2193 aligncenter\" src=\"https:\/\/aifonline.net\/wp-content\/uploads\/2021\/06\/favicon.png\" alt=\"\" width=\"400\" height=\"400\" srcset=\"https:\/\/aifonline.net\/wp-content\/uploads\/2021\/06\/favicon.png 400w, https:\/\/aifonline.net\/wp-content\/uploads\/2021\/06\/favicon-150x150.png 150w, https:\/\/aifonline.net\/wp-content\/uploads\/2021\/06\/favicon-300x300.png 300w\" sizes=\"(max-width: 400px) 100vw, 400px\" \/><\/p>\n<p><strong>Information sur les liens suivant :<\/strong><\/p>\n<blockquote class=\"wp-embedded-content\" data-secret=\"jzW1aCCsX3\"><p><a href=\"https:\/\/festivaldesforets.fr\/evenement\/mozart-sur-le-lac\/\">Mozart sur le Lac<\/a><\/p><\/blockquote>\n<p><iframe class=\"wp-embedded-content\" sandbox=\"allow-scripts\" security=\"restricted\" style=\"position: absolute; clip: rect(1px, 1px, 1px, 1px);\" src=\"https:\/\/festivaldesforets.fr\/evenement\/mozart-sur-le-lac\/embed\/#?secret=jzW1aCCsX3\" data-secret=\"jzW1aCCsX3\" width=\"600\" height=\"338\" title=\"\u00ab\u00a0Mozart sur le Lac\u00a0\u00bb &#8212; Festival Des For\u00eats\" frameborder=\"0\" marginwidth=\"0\" marginheight=\"0\" scrolling=\"no\"><\/iframe><\/p>\n<blockquote class=\"wp-embedded-content\" data-secret=\"6zFr8OgFBD\"><p><a href=\"https:\/\/festivaldesforets.fr\/evenement\/mozart-au-chateau\/\">Mozart au ch\u00e2teau<\/a><\/p><\/blockquote>\n<p><iframe class=\"wp-embedded-content\" sandbox=\"allow-scripts\" security=\"restricted\" style=\"position: absolute; clip: rect(1px, 1px, 1px, 1px);\" src=\"https:\/\/festivaldesforets.fr\/evenement\/mozart-au-chateau\/embed\/#?secret=6zFr8OgFBD\" data-secret=\"6zFr8OgFBD\" width=\"600\" height=\"338\" title=\"\u00ab\u00a0Mozart au ch\u00e2teau\u00a0\u00bb &#8212; Festival Des For\u00eats\" frameborder=\"0\" marginwidth=\"0\" marginheight=\"0\" scrolling=\"no\"><\/iframe><\/p>\n<blockquote class=\"wp-embedded-content\" data-secret=\"5TvMR3YELv\"><p><a href=\"https:\/\/festivaldesforets.fr\/evenement\/mozart-en-foret\/\">Mozart en for\u00eat<\/a><\/p><\/blockquote>\n<p><iframe class=\"wp-embedded-content\" sandbox=\"allow-scripts\" security=\"restricted\" style=\"position: absolute; clip: rect(1px, 1px, 1px, 1px);\" src=\"https:\/\/festivaldesforets.fr\/evenement\/mozart-en-foret\/embed\/#?secret=5TvMR3YELv\" data-secret=\"5TvMR3YELv\" width=\"600\" height=\"338\" title=\"\u00ab\u00a0Mozart en for\u00eat\u00a0\u00bb &#8212; Festival Des For\u00eats\" frameborder=\"0\" marginwidth=\"0\" marginheight=\"0\" scrolling=\"no\"><\/iframe><\/p>\n","protected":false},"excerpt":{"rendered":"<p>L&#8217;Open Chamber Orchestra\u00a0de notre soci\u00e9taire Ya\u00efr Bena\u00efm est heureux de vous annoncer sa r\u00e9sidence au Festival des For\u00eats \u00e0 Compi\u00e8gne<\/p>\n","protected":false},"author":1,"featured_media":0,"comment_status":"open","ping_status":"open","sticky":false,"template":"","format":"standard","meta":{"_mi_skip_tracking":false,"_exactmetrics_sitenote_active":false,"_exactmetrics_sitenote_note":"","_exactmetrics_sitenote_category":0,"footnotes":""},"categories":[71],"tags":[27],"table_tags":[],"_links":{"self":[{"href":"https:\/\/aifonline.net\/index.php?rest_route=\/wp\/v2\/posts\/2192"}],"collection":[{"href":"https:\/\/aifonline.net\/index.php?rest_route=\/wp\/v2\/posts"}],"about":[{"href":"https:\/\/aifonline.net\/index.php?rest_route=\/wp\/v2\/types\/post"}],"author":[{"embeddable":true,"href":"https:\/\/aifonline.net\/index.php?rest_route=\/wp\/v2\/users\/1"}],"replies":[{"embeddable":true,"href":"https:\/\/aifonline.net\/index.php?rest_route=%2Fwp%2Fv2%2Fcomments&post=2192"}],"version-history":[{"count":3,"href":"https:\/\/aifonline.net\/index.php?rest_route=\/wp\/v2\/posts\/2192\/revisions"}],"predecessor-version":[{"id":2225,"href":"https:\/\/aifonline.net\/index.php?rest_route=\/wp\/v2\/posts\/2192\/revisions\/2225"}],"wp:attachment":[{"href":"https:\/\/aifonline.net\/index.php?rest_route=%2Fwp%2Fv2%2Fmedia&parent=2192"}],"wp:term":[{"taxonomy":"category","embeddable":true,"href":"https:\/\/aifonline.net\/index.php?rest_route=%2Fwp%2Fv2%2Fcategories&post=2192"},{"taxonomy":"post_tag","embeddable":true,"href":"https:\/\/aifonline.net\/index.php?rest_route=%2Fwp%2Fv2%2Ftags&post=2192"},{"taxonomy":"table_tags","embeddable":true,"href":"https:\/\/aifonline.net\/index.php?rest_route=%2Fwp%2Fv2%2Ftable_tags&post=2192"}],"curies":[{"name":"wp","href":"https:\/\/api.w.org\/{rel}","templated":true}]}}