{"id":2196,"date":"2021-06-23T07:55:54","date_gmt":"2021-06-23T05:55:54","guid":{"rendered":"http:\/\/aifonline.net\/?p=2196"},"modified":"2021-06-23T07:57:08","modified_gmt":"2021-06-23T05:57:08","slug":"livre-vivre-avec-nos-morts-par-delphine-horvilleur","status":"publish","type":"post","link":"https:\/\/aifonline.net\/?p=2196","title":{"rendered":"Livre : Vivre avec nos morts par Delphine Horvilleur"},"content":{"rendered":"<p><em><strong>Les recommandations litt\u00e9raires de Sabine Strul<\/strong><\/em><\/p>\n<p>A priori&#8230; ce livre n&#8217;invite pas \u00e0 la l\u00e9g\u00e8ret\u00e9&#8230; mais Delphine Horvilleur, rabbin(e) &#8220;la\u00efque&#8221; (terme revendiqu\u00e9), \u00e9voque avec simplicit\u00e9 et humilit\u00e9 son r\u00f4le (elle doit savoir, pour repr\u00e9senter la r\u00e9silience, ne pas \u00eatre celle qui pleure et permettre aux &#8220;effondr\u00e9s&#8221;, de croire en la possibilit\u00e9 de se relever) et surtout sa fonction d&#8217;accompagnement de &#8220;ceux qui restent&#8221;.<br \/>\nAvec une grande libert\u00e9 de parole, elle nous livre ses r\u00e9flexions sur ses croyances ; l&#8217;identit\u00e9 juive ; le sens \u00e9tymologique\u00a0des mots&#8230; Elle nous parle de ses rencontres, ses ami(e)s ; de la d\u00e9faillance des gestes et l&#8217;absence de mots dans les moments douloureux&#8230; mais aussi de &#8220;la Vie qui est au c\u0153ur de la Tradition juive&#8221;.<br \/>\nC&#8217;est un v\u00e9ritable partage de son exp\u00e9rience et une le\u00e7on de vie&#8230; Un r\u00e9cit profond dans lequel j&#8217;aime me &#8220;plonger&#8221; de temps \u00e0 autre pour penser et m\u00e9diter.<\/p>\n<p><img decoding=\"async\" loading=\"lazy\" class=\"aligncenter wp-image-2203\" src=\"https:\/\/aifonline.net\/wp-content\/uploads\/2021\/06\/VIVRE-AVEC-NOS-MORTS.jpeg\" alt=\"\" width=\"300\" height=\"474\" srcset=\"https:\/\/aifonline.net\/wp-content\/uploads\/2021\/06\/VIVRE-AVEC-NOS-MORTS.jpeg 600w, https:\/\/aifonline.net\/wp-content\/uploads\/2021\/06\/VIVRE-AVEC-NOS-MORTS-190x300.jpeg 190w\" sizes=\"(max-width: 300px) 100vw, 300px\" \/><\/p>\n<p><em>Vivre avec nos morts de Delphine Horvilleur<\/em><br \/>\nEditions Grasset &#8211; 222 pages &#8211; parution Avril 2021 &#8211; 19.50\u20ac<\/p>\n<p>&nbsp;<\/p>\n","protected":false},"excerpt":{"rendered":"<p>Les recommandations litt\u00e9raires de Sabine Strul A priori&#8230; ce livre n&#8217;invite pas \u00e0 la l\u00e9g\u00e8ret\u00e9&#8230; mais Delphine Horvilleur, rabbin(e) &#8220;la\u00efque&#8221;<\/p>\n","protected":false},"author":1,"featured_media":0,"comment_status":"open","ping_status":"open","sticky":false,"template":"","format":"standard","meta":{"_mi_skip_tracking":false,"_exactmetrics_sitenote_active":false,"_exactmetrics_sitenote_note":"","_exactmetrics_sitenote_category":0,"footnotes":""},"categories":[36],"tags":[35],"table_tags":[],"_links":{"self":[{"href":"https:\/\/aifonline.net\/index.php?rest_route=\/wp\/v2\/posts\/2196"}],"collection":[{"href":"https:\/\/aifonline.net\/index.php?rest_route=\/wp\/v2\/posts"}],"about":[{"href":"https:\/\/aifonline.net\/index.php?rest_route=\/wp\/v2\/types\/post"}],"author":[{"embeddable":true,"href":"https:\/\/aifonline.net\/index.php?rest_route=\/wp\/v2\/users\/1"}],"replies":[{"embeddable":true,"href":"https:\/\/aifonline.net\/index.php?rest_route=%2Fwp%2Fv2%2Fcomments&post=2196"}],"version-history":[{"count":4,"href":"https:\/\/aifonline.net\/index.php?rest_route=\/wp\/v2\/posts\/2196\/revisions"}],"predecessor-version":[{"id":2226,"href":"https:\/\/aifonline.net\/index.php?rest_route=\/wp\/v2\/posts\/2196\/revisions\/2226"}],"wp:attachment":[{"href":"https:\/\/aifonline.net\/index.php?rest_route=%2Fwp%2Fv2%2Fmedia&parent=2196"}],"wp:term":[{"taxonomy":"category","embeddable":true,"href":"https:\/\/aifonline.net\/index.php?rest_route=%2Fwp%2Fv2%2Fcategories&post=2196"},{"taxonomy":"post_tag","embeddable":true,"href":"https:\/\/aifonline.net\/index.php?rest_route=%2Fwp%2Fv2%2Ftags&post=2196"},{"taxonomy":"table_tags","embeddable":true,"href":"https:\/\/aifonline.net\/index.php?rest_route=%2Fwp%2Fv2%2Ftable_tags&post=2196"}],"curies":[{"name":"wp","href":"https:\/\/api.w.org\/{rel}","templated":true}]}}