{"id":2254,"date":"2021-07-23T09:28:00","date_gmt":"2021-07-23T07:28:00","guid":{"rendered":"http:\/\/aifonline.net\/?p=2254"},"modified":"2021-07-23T09:16:02","modified_gmt":"2021-07-23T07:16:02","slug":"les-patronymes-question-dorigine","status":"publish","type":"post","link":"https:\/\/aifonline.net\/?p=2254","title":{"rendered":"Les patronymes : Question d&#8217;origine"},"content":{"rendered":"<p><em><strong>Les patronymes par Alain Kaminski<\/strong><\/em><\/p>\n<p>Les <strong>Loudmer<\/strong> ne sont pas la traduction d\u2019un animal marin comme certains le pensent souvent mais viennent de Lodmer, l\u2019ancienne Lodomira appel\u00e9e Wlodzimierz en polonais, ville o\u00f9 les juifs s\u2019install\u00e8rent d\u00e8s le XII\u00e8me si\u00e8cle. Les <strong>Lipsky<\/strong>, de Lipska le nom polonais de la ville de Leipzig o\u00f9 les juifs se rendaient pour ses c\u00e9l\u00e8bres foires quand d\u2019autres venaient de Lipsk, au nord-est de la Pologne. On retrouve souvent ce patronyme en Isra\u00ebl sous la forme de <strong>Halepsky<\/strong> ou <strong>Halivsz<\/strong>, l\u2019homme de Leipzig.<br \/>\nLes <strong>Lask<\/strong> ou <strong>Laskoff<\/strong> \u00e9taient port\u00e9s par les juifs venant de la ville de Lask dans la province de Lodz, prononcez woudj faites-moi plaisir, ou par ceux venant de la petite Laskowiecze en Galicie.<br \/>\nLes <strong>Heilbronn<\/strong> ou <strong>Halbronn<\/strong> ou <strong>Halpern<\/strong> et m\u00eame <strong>Halperin<\/strong> ont tous pour origine la ville de Heilbronn en Bade-Wurtemberg o\u00f9 des juifs s\u2019install\u00e8rent d\u00e8s le XI\u00e8me si\u00e8cle.<br \/>\nLes <strong>Bresler<\/strong> viennent bien entendu de la ville polonaise Wroclaw , longtemps allemande sous le nom de Breslau mais certains ont aussi pour origine Braslaw en Lituanie.<br \/>\nMon clin d\u2019oeil sera pour \u00ab\u00a0Mamie Golda\u00a0\u00bb <strong>Rozen<\/strong> n\u00e9e <strong>Liwszyc<\/strong>, auteur du c\u00e9l\u00e8bre livre de recettes de cuisine yiddish. Son patronyme de naissance nous rappelle \u00e0 ses variantes les Lipszyc, le c en polonais se pronon\u00e7ant tz. On rel\u00e8ve ce nom bien s\u00fbr dans la ville de Lubszyce en Sil\u00e9sie mais aussi \u00e0 Liebieschitz en Boh\u00e8me avec des Lipchitz ou des Lefschetz.<\/p>\n<p><em>Paru dans Actualit\u00e9 Juive le 8\/07\/2021<\/em><\/p>\n","protected":false},"excerpt":{"rendered":"<p>Les patronymes par Alain Kaminski Les Loudmer ne sont pas la traduction d\u2019un animal marin comme certains le pensent souvent<\/p>\n","protected":false},"author":1,"featured_media":0,"comment_status":"open","ping_status":"open","sticky":false,"template":"","format":"standard","meta":{"_mi_skip_tracking":false,"_exactmetrics_sitenote_active":false,"_exactmetrics_sitenote_note":"","_exactmetrics_sitenote_category":0,"footnotes":""},"categories":[79],"tags":[50,30],"table_tags":[],"_links":{"self":[{"href":"https:\/\/aifonline.net\/index.php?rest_route=\/wp\/v2\/posts\/2254"}],"collection":[{"href":"https:\/\/aifonline.net\/index.php?rest_route=\/wp\/v2\/posts"}],"about":[{"href":"https:\/\/aifonline.net\/index.php?rest_route=\/wp\/v2\/types\/post"}],"author":[{"embeddable":true,"href":"https:\/\/aifonline.net\/index.php?rest_route=\/wp\/v2\/users\/1"}],"replies":[{"embeddable":true,"href":"https:\/\/aifonline.net\/index.php?rest_route=%2Fwp%2Fv2%2Fcomments&post=2254"}],"version-history":[{"count":3,"href":"https:\/\/aifonline.net\/index.php?rest_route=\/wp\/v2\/posts\/2254\/revisions"}],"predecessor-version":[{"id":2257,"href":"https:\/\/aifonline.net\/index.php?rest_route=\/wp\/v2\/posts\/2254\/revisions\/2257"}],"wp:attachment":[{"href":"https:\/\/aifonline.net\/index.php?rest_route=%2Fwp%2Fv2%2Fmedia&parent=2254"}],"wp:term":[{"taxonomy":"category","embeddable":true,"href":"https:\/\/aifonline.net\/index.php?rest_route=%2Fwp%2Fv2%2Fcategories&post=2254"},{"taxonomy":"post_tag","embeddable":true,"href":"https:\/\/aifonline.net\/index.php?rest_route=%2Fwp%2Fv2%2Ftags&post=2254"},{"taxonomy":"table_tags","embeddable":true,"href":"https:\/\/aifonline.net\/index.php?rest_route=%2Fwp%2Fv2%2Ftable_tags&post=2254"}],"curies":[{"name":"wp","href":"https:\/\/api.w.org\/{rel}","templated":true}]}}