{"id":2263,"date":"2021-07-23T09:30:49","date_gmt":"2021-07-23T07:30:49","guid":{"rendered":"http:\/\/aifonline.net\/?p=2263"},"modified":"2021-07-27T10:37:45","modified_gmt":"2021-07-27T08:37:45","slug":"billet-une-justice-panpan-cucul","status":"publish","type":"post","link":"https:\/\/aifonline.net\/?p=2263","title":{"rendered":"Billet : Une justice panpan cucul"},"content":{"rendered":"<p><strong><em>Par Alain Kaminski<\/em><\/strong><\/p>\n<p>Dans la nuit du 11 au 12 avril 2021, un certain Esteban R. avait couvert de tags antis\u00e9mites la prestigieuse Grande Ecole Science Po \u00e0 Paris. On d\u00e9couvrait des \u00ab\u00a0Mort \u00e0 Isra\u00ebl\u00a0\u00bb des \u00e9toiles de David barr\u00e9es, des \u00ab\u00a0Ecole de kouffar\u00a0\u00bb qui signifie m\u00e9cr\u00e9ants en arabe.<br \/>\nL\u2019auteur des faits \u00e9tait jug\u00e9 en mai dernier devant la 17\u00e8me chambre du Tribunal correctionnel de Paris pour d\u00e9gradation et \u00ab\u00a0injure publique envers un groupe de personnes en raison de son appartenance \u00e0 une religion \u00bb.<br \/>\nComme on pouvait s\u2019y attendre, le pr\u00e9venu ne s\u2019est pas pr\u00e9sent\u00e9 \u00e0 l\u2019audience, \u00e0 quoi bon apr\u00e8s tout. De toute fa\u00e7on, aux enqu\u00eateurs il avait dit que son geste \u00e9tait fait pour \u00ab\u00a0troller un peu\u00a0\u00bb c\u2019est-\u00e0-dire pour g\u00e9n\u00e9rer des pol\u00e9miques.<br \/>\nCe 7 juillet, la sentence est tomb\u00e9e. Le Minist\u00e8re public avait requis une peine de 5 mois de prison avec sursis mais c\u2019\u00e9tait sans compter sur une nouvelle justice, celle du panpan cucul pour les actes antis\u00e9mites.<br \/>\nFinalement, l\u2019auteur des faits a \u00e9t\u00e9 condamn\u00e9 \u00e0 une amende de 135 euros, c\u2019est le montant qui vous eut \u00e9t\u00e9 inflig\u00e9 si vous aviez roul\u00e9 en ville \u00e0 51 kms\/heure ou 71kms\/heure sur le p\u00e9riph\u00e9rique parisien.<br \/>\nMais ce n\u2019est pas tout car la justice panpan culcul a assorti tout cela d\u2019un stage de citoyennet\u00e9 de deux jours et\u2026 \u00e0 ses frais, c\u2019est-\u00e0-dire 200 euros. J\u2019imagine qu\u2019il ne paiera rien ni peut-\u00eatre ne se rendra \u00e0 ce stage destin\u00e9 \u00e0 lui apprendre la vie en Soci\u00e9t\u00e9. Pour cela, on lui propose des rencontres avec diff\u00e9rents repr\u00e9sentants institutionnels, des \u00e9lus, des responsables d\u2019associations. On lui propose \u00e9galement de travailler sur des id\u00e9es re\u00e7ues afin de favoriser l\u2019\u00e9mergence d\u2019un engagement. Enfin, au cours de ce stage sont pr\u00e9vues des visites guid\u00e9es dans les grandes institutions r\u00e9publicaines, l\u2019H\u00f4tel de Ville, l\u2019Assembl\u00e9e nationale, le Mus\u00e9e du Louvre. Magnifique\u00a0! Si vous n\u2019arrivez pas \u00e0 visiter le Louvre, si vous n\u2019avez pas de coupe-file, si l\u2019entr\u00e9e vous semble trop on\u00e9reuse, une justice panpan cucul a des solutions.<br \/>\nAu titre de l\u2019action civile, la condamnation est bien plus lourde, cette fois-ci il faudra payer. Les parties civiles obtiendront r\u00e9paration puisque le pr\u00e9venu a \u00e9t\u00e9 condamn\u00e9 \u00e0 verser 1 euro symbolique \u00e0 l\u2019UEJF, au Mrap, \u00e0 la Licra, \u00e0 l\u2019OJF. SOS Racisme n\u2019avait curieusement demand\u00e9 aucune indemnisation.<br \/>\nQuant \u00e0 la Fondation nationale des Sciences politiques qui a la responsabilit\u00e9 de la gestion de Science Po, sa requ\u00eate a \u00e9t\u00e9 d\u00e9clar\u00e9e irrecevable sans que la presse puisse donner une quelconque explication, bizarre quand m\u00eame.<br \/>\nOn serait tent\u00e9 de dire \u00e0 Esteban R. qu\u2019il \u00e9vite de faire la m\u00eame chose sur les murs d\u2019une grande \u00e9cole \u00e0 Moscou ou \u00e0 Shanga\u00ef car il n\u2019aura certainement pas la possibilit\u00e9 d\u2019\u00eatre absent \u00e0 l\u2019audience et il pourrait se voir condamner plus lourdement.<br \/>\nEn France il a eu le droit \u00e0 une justice panpan cucul mais la peine de mort a \u00e9t\u00e9 abolie, fort heureusement.<br \/>\nEnfin, pas compl\u00e8tement puisque ce jeune homme a quand m\u00eame \u00e9t\u00e9 condamn\u00e9 \u00e0\u2026 mourir de rire, une peine dont il s\u2019acquittera tr\u00e8s certainement seul ou entre amis.<\/p>\n","protected":false},"excerpt":{"rendered":"<p>Par Alain Kaminski Dans la nuit du 11 au 12 avril 2021, un certain Esteban R. avait couvert de tags<\/p>\n","protected":false},"author":1,"featured_media":0,"comment_status":"open","ping_status":"open","sticky":false,"template":"","format":"standard","meta":{"_mi_skip_tracking":false,"_exactmetrics_sitenote_active":false,"_exactmetrics_sitenote_note":"","_exactmetrics_sitenote_category":0,"footnotes":""},"categories":[4],"tags":[28],"table_tags":[],"_links":{"self":[{"href":"https:\/\/aifonline.net\/index.php?rest_route=\/wp\/v2\/posts\/2263"}],"collection":[{"href":"https:\/\/aifonline.net\/index.php?rest_route=\/wp\/v2\/posts"}],"about":[{"href":"https:\/\/aifonline.net\/index.php?rest_route=\/wp\/v2\/types\/post"}],"author":[{"embeddable":true,"href":"https:\/\/aifonline.net\/index.php?rest_route=\/wp\/v2\/users\/1"}],"replies":[{"embeddable":true,"href":"https:\/\/aifonline.net\/index.php?rest_route=%2Fwp%2Fv2%2Fcomments&post=2263"}],"version-history":[{"count":2,"href":"https:\/\/aifonline.net\/index.php?rest_route=\/wp\/v2\/posts\/2263\/revisions"}],"predecessor-version":[{"id":2274,"href":"https:\/\/aifonline.net\/index.php?rest_route=\/wp\/v2\/posts\/2263\/revisions\/2274"}],"wp:attachment":[{"href":"https:\/\/aifonline.net\/index.php?rest_route=%2Fwp%2Fv2%2Fmedia&parent=2263"}],"wp:term":[{"taxonomy":"category","embeddable":true,"href":"https:\/\/aifonline.net\/index.php?rest_route=%2Fwp%2Fv2%2Fcategories&post=2263"},{"taxonomy":"post_tag","embeddable":true,"href":"https:\/\/aifonline.net\/index.php?rest_route=%2Fwp%2Fv2%2Ftags&post=2263"},{"taxonomy":"table_tags","embeddable":true,"href":"https:\/\/aifonline.net\/index.php?rest_route=%2Fwp%2Fv2%2Ftable_tags&post=2263"}],"curies":[{"name":"wp","href":"https:\/\/api.w.org\/{rel}","templated":true}]}}