{"id":2267,"date":"2021-07-23T09:21:47","date_gmt":"2021-07-23T07:21:47","guid":{"rendered":"http:\/\/aifonline.net\/?p=2267"},"modified":"2021-07-23T09:28:12","modified_gmt":"2021-07-23T07:28:12","slug":"conference-racisme-et-antisemitisme-avec-antoine-spire","status":"publish","type":"post","link":"https:\/\/aifonline.net\/?p=2267","title":{"rendered":"Conf\u00e9rence : Racisme et antis\u00e9mitisme avec Antoine Spire"},"content":{"rendered":"<p>Retrouvez sur le site de la Biblioth\u00e8que des Amis de l&#8217;Instruction\u00a0du 3e Arrondissement, l&#8217;entretien Racisme et antis\u00e9mitisme avec Antoine Spire.<br \/>\nUne Conf\u00e9rence enregistr\u00e9e le jeudi 29 octobre 2020 dont vous pouvez <a href=\"http:\/\/bai.asso.fr\/conference\/rencontre-doctobre-2020-racisme-et-antisemitisme-par-antoine-spire\/\">voir la vid\u00e9o ici<\/a>.<\/p>\n<p><img decoding=\"async\" loading=\"lazy\" class=\"size-full wp-image-2266 aligncenter\" src=\"https:\/\/aifonline.net\/wp-content\/uploads\/2021\/07\/Antoine-Spire-150x150.jpg\" alt=\"\" width=\"150\" height=\"150\" \/><\/p>\n<p>Antoine Spire, n\u00e9 \u00e0\u00a0 Paris,\u00a0le 31 mars 1946, est un journaliste de presse et de radio, un intellectuel et un \u00e9diteur fran\u00e7ais. Il a \u00e9t\u00e9 directeur du d\u00e9partement Recherche en sciences humaines de l\u2019Institut national du cancer.<br \/>\nIl est par ailleurs animateur\/coordonnateur de colloques et de rencontres culturelles nationales. Il est conseiller \u00e9ditorial au journal\u00a0 Le Monde, Le Monde de l\u2019\u00e9ducation, journaliste \u00e0\u00a0La Vie\u00a0et collabore \u00e0 diff\u00e9rentes publications associatives.<br \/>\nAuteur de livres, il a \u00e9galement particip\u00e9 \u00e0 de nombreux ouvrages de vulgarisation r\u00e9alis\u00e9s en collaboration avec des intellectuels parmi lesquels\u00a0Pierre Bourdieu, Jacques Derrida, Georges Steiner, Edgar Morin.<\/p>\n","protected":false},"excerpt":{"rendered":"<p>Retrouvez sur le site de la Biblioth\u00e8que des Amis de l&#8217;Instruction\u00a0du 3e Arrondissement, l&#8217;entretien Racisme et antis\u00e9mitisme avec Antoine Spire.<\/p>\n","protected":false},"author":1,"featured_media":0,"comment_status":"open","ping_status":"open","sticky":false,"template":"","format":"standard","meta":{"_mi_skip_tracking":false,"_exactmetrics_sitenote_active":false,"_exactmetrics_sitenote_note":"","_exactmetrics_sitenote_category":0,"footnotes":""},"categories":[81],"tags":[28],"table_tags":[],"_links":{"self":[{"href":"https:\/\/aifonline.net\/index.php?rest_route=\/wp\/v2\/posts\/2267"}],"collection":[{"href":"https:\/\/aifonline.net\/index.php?rest_route=\/wp\/v2\/posts"}],"about":[{"href":"https:\/\/aifonline.net\/index.php?rest_route=\/wp\/v2\/types\/post"}],"author":[{"embeddable":true,"href":"https:\/\/aifonline.net\/index.php?rest_route=\/wp\/v2\/users\/1"}],"replies":[{"embeddable":true,"href":"https:\/\/aifonline.net\/index.php?rest_route=%2Fwp%2Fv2%2Fcomments&post=2267"}],"version-history":[{"count":2,"href":"https:\/\/aifonline.net\/index.php?rest_route=\/wp\/v2\/posts\/2267\/revisions"}],"predecessor-version":[{"id":2269,"href":"https:\/\/aifonline.net\/index.php?rest_route=\/wp\/v2\/posts\/2267\/revisions\/2269"}],"wp:attachment":[{"href":"https:\/\/aifonline.net\/index.php?rest_route=%2Fwp%2Fv2%2Fmedia&parent=2267"}],"wp:term":[{"taxonomy":"category","embeddable":true,"href":"https:\/\/aifonline.net\/index.php?rest_route=%2Fwp%2Fv2%2Fcategories&post=2267"},{"taxonomy":"post_tag","embeddable":true,"href":"https:\/\/aifonline.net\/index.php?rest_route=%2Fwp%2Fv2%2Ftags&post=2267"},{"taxonomy":"table_tags","embeddable":true,"href":"https:\/\/aifonline.net\/index.php?rest_route=%2Fwp%2Fv2%2Ftable_tags&post=2267"}],"curies":[{"name":"wp","href":"https:\/\/api.w.org\/{rel}","templated":true}]}}