{"id":2280,"date":"2021-08-07T07:44:41","date_gmt":"2021-08-07T05:44:41","guid":{"rendered":"http:\/\/aifonline.net\/?p=2280"},"modified":"2021-10-06T09:37:34","modified_gmt":"2021-10-06T07:37:34","slug":"carnet-deces-jean-epelbaum","status":"publish","type":"post","link":"https:\/\/aifonline.net\/?p=2280","title":{"rendered":"Carnet : D\u00e9c\u00e8s de Jean Epelbaum"},"content":{"rendered":"<figure id=\"attachment_2406\" aria-describedby=\"caption-attachment-2406\" style=\"width: 220px\" class=\"wp-caption aligncenter\"><img decoding=\"async\" loading=\"lazy\" class=\"wp-image-2406\" src=\"https:\/\/aifonline.net\/wp-content\/uploads\/2021\/08\/IMG_1172.jpg\" alt=\"\" width=\"220\" height=\"400\" srcset=\"https:\/\/aifonline.net\/wp-content\/uploads\/2021\/08\/IMG_1172.jpg 434w, https:\/\/aifonline.net\/wp-content\/uploads\/2021\/08\/IMG_1172-165x300.jpg 165w\" sizes=\"(max-width: 220px) 100vw, 220px\" \/><figcaption id=\"caption-attachment-2406\" class=\"wp-caption-text\">Jean Epelbaum<\/figcaption><\/figure>\n<p>C&#8217;est avec une immense tristesse que nous apprenons le d\u00e9c\u00e8s de notre soci\u00e9taire Monsieur Jean Epelbaum survenu \u00e0 (Grasse) le 6 ao\u00fbt 2021 \u00e0 l&#8217;\u00e2ge de 85 ans des suites du Covid.<br \/>\nNous adressons toute notre sympathie \u00e0 son \u00e9pouse Ida, \u00e0 ses enfants Fran\u00e7ois et Marion et leur famille. Nous partageons la tristesse de tous les collaborateurs du Cbt Placek et Epelbaum dont il fut l&#8217;un des co-fondateurs.<\/p>\n","protected":false},"excerpt":{"rendered":"<p>C&#8217;est avec une immense tristesse que nous apprenons le d\u00e9c\u00e8s de notre soci\u00e9taire Monsieur Jean Epelbaum survenu \u00e0 (Grasse) le<\/p>\n","protected":false},"author":1,"featured_media":0,"comment_status":"open","ping_status":"open","sticky":false,"template":"","format":"standard","meta":{"_mi_skip_tracking":false,"_exactmetrics_sitenote_active":false,"_exactmetrics_sitenote_note":"","_exactmetrics_sitenote_category":0,"footnotes":""},"categories":[5,31],"tags":[66,18],"table_tags":[],"_links":{"self":[{"href":"https:\/\/aifonline.net\/index.php?rest_route=\/wp\/v2\/posts\/2280"}],"collection":[{"href":"https:\/\/aifonline.net\/index.php?rest_route=\/wp\/v2\/posts"}],"about":[{"href":"https:\/\/aifonline.net\/index.php?rest_route=\/wp\/v2\/types\/post"}],"author":[{"embeddable":true,"href":"https:\/\/aifonline.net\/index.php?rest_route=\/wp\/v2\/users\/1"}],"replies":[{"embeddable":true,"href":"https:\/\/aifonline.net\/index.php?rest_route=%2Fwp%2Fv2%2Fcomments&post=2280"}],"version-history":[{"count":4,"href":"https:\/\/aifonline.net\/index.php?rest_route=\/wp\/v2\/posts\/2280\/revisions"}],"predecessor-version":[{"id":2408,"href":"https:\/\/aifonline.net\/index.php?rest_route=\/wp\/v2\/posts\/2280\/revisions\/2408"}],"wp:attachment":[{"href":"https:\/\/aifonline.net\/index.php?rest_route=%2Fwp%2Fv2%2Fmedia&parent=2280"}],"wp:term":[{"taxonomy":"category","embeddable":true,"href":"https:\/\/aifonline.net\/index.php?rest_route=%2Fwp%2Fv2%2Fcategories&post=2280"},{"taxonomy":"post_tag","embeddable":true,"href":"https:\/\/aifonline.net\/index.php?rest_route=%2Fwp%2Fv2%2Ftags&post=2280"},{"taxonomy":"table_tags","embeddable":true,"href":"https:\/\/aifonline.net\/index.php?rest_route=%2Fwp%2Fv2%2Ftable_tags&post=2280"}],"curies":[{"name":"wp","href":"https:\/\/api.w.org\/{rel}","templated":true}]}}