{"id":2294,"date":"2021-08-28T10:57:04","date_gmt":"2021-08-28T08:57:04","guid":{"rendered":"http:\/\/aifonline.net\/?p=2294"},"modified":"2021-08-28T10:57:04","modified_gmt":"2021-08-28T08:57:04","slug":"livre-et-que-ne-durent-que-les-moments-doux-par-virginie-grimaldi","status":"publish","type":"post","link":"https:\/\/aifonline.net\/?p=2294","title":{"rendered":"Livre : Et que ne durent que les moments doux par Virginie Grimaldi"},"content":{"rendered":"<p><em><strong>Les recommandations litt\u00e9raires de Sabine Strul<\/strong><\/em><\/p>\n<p>C&#8217;est une double histoire de femmes tourment\u00e9es : l&#8217;une vient de donner naissance \u00e0 une petite fille minuscule,\u00a0arriv\u00e9e pr\u00e9matur\u00e9ment. L&#8217;autre vit difficilement le d\u00e9part de son fils qui quitte le nid familial.<br \/>\nL&#8217;une doit apprendre \u00e0 \u00eatre m\u00e8re \u00e0\u00a0 temps plein. L&#8217;autre doit devenir une m\u00e8re \u00e0 la retraite.<br \/>\nJ&#8217;ai d\u00e9couvert ce roman par hasard et c&#8217;est un vrai coup de c\u0153ur !&#8230; Un r\u00e9cit entre rires et larmes, plein d&#8217;\u00e9motions et de tendresse.<br \/>\nL&#8217;auteure, Virginie Grimaldi (fran\u00e7aise, n\u00e9e en 1977)\u00a0\u00e9crit des romans depuis 2015 (<em>Le premier jour du reste de ma vie<\/em>) et, avec sa plume sensible et intimiste, conna\u00eet un tr\u00e8s grand succ\u00e8s m\u00e9rit\u00e9.<\/p>\n<p><img decoding=\"async\" loading=\"lazy\" class=\"size-full wp-image-2295 aligncenter\" src=\"https:\/\/aifonline.net\/wp-content\/uploads\/2021\/08\/Et-que-ne-durent-que-les-moments-doux.jpg\" alt=\"\" width=\"340\" height=\"340\" srcset=\"https:\/\/aifonline.net\/wp-content\/uploads\/2021\/08\/Et-que-ne-durent-que-les-moments-doux.jpg 340w, https:\/\/aifonline.net\/wp-content\/uploads\/2021\/08\/Et-que-ne-durent-que-les-moments-doux-150x150.jpg 150w, https:\/\/aifonline.net\/wp-content\/uploads\/2021\/08\/Et-que-ne-durent-que-les-moments-doux-300x300.jpg 300w\" sizes=\"(max-width: 340px) 100vw, 340px\" \/><\/p>\n<p><em>Et que ne durent que les moments doux<\/em> de Virginie GRIMALDI<br \/>\n372 pages &#8211; sortie en 2020 (\u00c9dition Fayard) &#8211; parution en Livre de poche en Mai 21 &#8211; 8.20\u20ac<\/p>\n","protected":false},"excerpt":{"rendered":"<p>Les recommandations litt\u00e9raires de Sabine Strul C&#8217;est une double histoire de femmes tourment\u00e9es : l&#8217;une vient de donner naissance \u00e0<\/p>\n","protected":false},"author":1,"featured_media":0,"comment_status":"open","ping_status":"open","sticky":false,"template":"","format":"standard","meta":{"_mi_skip_tracking":false,"_exactmetrics_sitenote_active":false,"_exactmetrics_sitenote_note":"","_exactmetrics_sitenote_category":0,"footnotes":""},"categories":[36],"tags":[35],"table_tags":[],"_links":{"self":[{"href":"https:\/\/aifonline.net\/index.php?rest_route=\/wp\/v2\/posts\/2294"}],"collection":[{"href":"https:\/\/aifonline.net\/index.php?rest_route=\/wp\/v2\/posts"}],"about":[{"href":"https:\/\/aifonline.net\/index.php?rest_route=\/wp\/v2\/types\/post"}],"author":[{"embeddable":true,"href":"https:\/\/aifonline.net\/index.php?rest_route=\/wp\/v2\/users\/1"}],"replies":[{"embeddable":true,"href":"https:\/\/aifonline.net\/index.php?rest_route=%2Fwp%2Fv2%2Fcomments&post=2294"}],"version-history":[{"count":1,"href":"https:\/\/aifonline.net\/index.php?rest_route=\/wp\/v2\/posts\/2294\/revisions"}],"predecessor-version":[{"id":2296,"href":"https:\/\/aifonline.net\/index.php?rest_route=\/wp\/v2\/posts\/2294\/revisions\/2296"}],"wp:attachment":[{"href":"https:\/\/aifonline.net\/index.php?rest_route=%2Fwp%2Fv2%2Fmedia&parent=2294"}],"wp:term":[{"taxonomy":"category","embeddable":true,"href":"https:\/\/aifonline.net\/index.php?rest_route=%2Fwp%2Fv2%2Fcategories&post=2294"},{"taxonomy":"post_tag","embeddable":true,"href":"https:\/\/aifonline.net\/index.php?rest_route=%2Fwp%2Fv2%2Ftags&post=2294"},{"taxonomy":"table_tags","embeddable":true,"href":"https:\/\/aifonline.net\/index.php?rest_route=%2Fwp%2Fv2%2Ftable_tags&post=2294"}],"curies":[{"name":"wp","href":"https:\/\/api.w.org\/{rel}","templated":true}]}}