{"id":2297,"date":"2021-08-28T10:57:33","date_gmt":"2021-08-28T08:57:33","guid":{"rendered":"http:\/\/aifonline.net\/?p=2297"},"modified":"2021-08-28T10:57:48","modified_gmt":"2021-08-28T08:57:48","slug":"livre-sous-protection-par-viveca-sten","status":"publish","type":"post","link":"https:\/\/aifonline.net\/?p=2297","title":{"rendered":"Livre : Sous protection par Viveca Sten"},"content":{"rendered":"<p><em><strong>Les recommandations litt\u00e9raires de Sabine Strul<\/strong><\/em><\/p>\n<p>Envie d&#8217;un thriller su\u00e9dois pour une lecture estivale ?<br \/>\nImmigr\u00e9 bosniaque, <em>Andreis<\/em> a fond\u00e9 un empire bas\u00e9 sur la drogue. Mari\u00e9 avec <em>Mina<\/em> &#8211; avec laquelle il vient d&#8217;avoir un b\u00e9b\u00e9 &#8211; c&#8217;est un homme violent. Lorsque Mina est conduite \u00e0 l&#8217;h\u00f4pital apr\u00e8s une \u00e9ni\u00e8me &#8220;racl\u00e9e&#8221;, la procureure <em>Nora Linde<\/em> veut que <em>Mina<\/em> t\u00e9moigne contre son mari, pour violences conjugales&#8230; et en profiter pour le coincer pour fraudes fiscales.<br \/>\nViveca Sten explore les th\u00e9matiques fortes li\u00e9es \u00e0 la violence, en cherchant les sources du mal dans les traumatismes d&#8217;enfance. Elle aborde aussi la probl\u00e9matique des violences conjugales et des Centres d&#8217;accueil pour les femmes qui en sont victimes, avec la touchante <em>Mina<\/em> qui se d\u00e9bat dans ses contradictions et plac\u00e9e secr\u00e8tement &#8220;sous protection&#8221; dans une \u00eele de l&#8217;archipel.<br \/>\nAu c\u0153ur de l&#8217;enqu\u00eate, dans une course contre la montre, on retrouve aussi avec plaisir l&#8217;inspecteur <em>Thomas Andreasson<\/em>\u00a0qui essaie de coffrer ce puissant et insaisissable\u00a0baron de la drogue.<br \/>\nAvec une \u00e9criture sobre, des chapitres courts, ce roman policier est dur mais tr\u00e8s efficace jusqu&#8217;\u00e0 la derni\u00e8re ligne !<br \/>\nAncienne juriste, Viveca Sten a \u00e9crit <em>La Reine baltique<\/em>, son premier roman, en 2013.<br \/>\nTous ses romans ont \u00e9t\u00e9 adapt\u00e9s en s\u00e9ries (sur Arte) sous le titre : <em>Meurtres \u00e0 Sandhamm<\/em>.\u00a0Ce neuvi\u00e8me opus le sera aussi, probablement !<\/p>\n<p><img decoding=\"async\" loading=\"lazy\" class=\"size-full wp-image-2298 aligncenter\" src=\"https:\/\/aifonline.net\/wp-content\/uploads\/2021\/08\/Sous-protection.jpg\" alt=\"\" width=\"340\" height=\"340\" srcset=\"https:\/\/aifonline.net\/wp-content\/uploads\/2021\/08\/Sous-protection.jpg 340w, https:\/\/aifonline.net\/wp-content\/uploads\/2021\/08\/Sous-protection-150x150.jpg 150w, https:\/\/aifonline.net\/wp-content\/uploads\/2021\/08\/Sous-protection-300x300.jpg 300w\" sizes=\"(max-width: 340px) 100vw, 340px\" \/><\/p>\n<p><em>Sous protection<\/em> de Viveca Sten<br \/>\nEdition Albin Michel &#8211; 528 pages &#8211; parution en Juin 21 &#8211; 21.90\u20ac<\/p>\n","protected":false},"excerpt":{"rendered":"<p>Les recommandations litt\u00e9raires de Sabine Strul Envie d&#8217;un thriller su\u00e9dois pour une lecture estivale ? Immigr\u00e9 bosniaque, Andreis a fond\u00e9<\/p>\n","protected":false},"author":1,"featured_media":0,"comment_status":"open","ping_status":"open","sticky":false,"template":"","format":"standard","meta":{"_mi_skip_tracking":false,"_exactmetrics_sitenote_active":false,"_exactmetrics_sitenote_note":"","_exactmetrics_sitenote_category":0,"footnotes":""},"categories":[36],"tags":[35],"table_tags":[],"_links":{"self":[{"href":"https:\/\/aifonline.net\/index.php?rest_route=\/wp\/v2\/posts\/2297"}],"collection":[{"href":"https:\/\/aifonline.net\/index.php?rest_route=\/wp\/v2\/posts"}],"about":[{"href":"https:\/\/aifonline.net\/index.php?rest_route=\/wp\/v2\/types\/post"}],"author":[{"embeddable":true,"href":"https:\/\/aifonline.net\/index.php?rest_route=\/wp\/v2\/users\/1"}],"replies":[{"embeddable":true,"href":"https:\/\/aifonline.net\/index.php?rest_route=%2Fwp%2Fv2%2Fcomments&post=2297"}],"version-history":[{"count":2,"href":"https:\/\/aifonline.net\/index.php?rest_route=\/wp\/v2\/posts\/2297\/revisions"}],"predecessor-version":[{"id":2316,"href":"https:\/\/aifonline.net\/index.php?rest_route=\/wp\/v2\/posts\/2297\/revisions\/2316"}],"wp:attachment":[{"href":"https:\/\/aifonline.net\/index.php?rest_route=%2Fwp%2Fv2%2Fmedia&parent=2297"}],"wp:term":[{"taxonomy":"category","embeddable":true,"href":"https:\/\/aifonline.net\/index.php?rest_route=%2Fwp%2Fv2%2Fcategories&post=2297"},{"taxonomy":"post_tag","embeddable":true,"href":"https:\/\/aifonline.net\/index.php?rest_route=%2Fwp%2Fv2%2Ftags&post=2297"},{"taxonomy":"table_tags","embeddable":true,"href":"https:\/\/aifonline.net\/index.php?rest_route=%2Fwp%2Fv2%2Ftable_tags&post=2297"}],"curies":[{"name":"wp","href":"https:\/\/api.w.org\/{rel}","templated":true}]}}