{"id":2304,"date":"2021-08-28T10:59:41","date_gmt":"2021-08-28T08:59:41","guid":{"rendered":"http:\/\/aifonline.net\/?p=2304"},"modified":"2021-08-28T10:59:41","modified_gmt":"2021-08-28T08:59:41","slug":"les-patronymes-le-tour-deurope-des-noms-de-famille","status":"publish","type":"post","link":"https:\/\/aifonline.net\/?p=2304","title":{"rendered":"Les patronymes : Le tour d&#8217;Europe des noms de famille"},"content":{"rendered":"<p><em><strong>Par Alain Kaminski<\/strong><\/em><\/p>\n<p>Les patronymes juifs ont souvent une quintuple origine. Ils sont parfois filiation, parfois m\u00e9tier ou encore localit\u00e9 mais l\u2019aspect physique ou dame nature naviguent \u00e0 travers toute l\u2019Europe.<br \/>\nPartons pour un voyage \u00e0 caract\u00e8re m\u00e9moriel, culturel et sentimental qui nous plongera dans la merveilleuse histoire des patronymes.<br \/>\nCap vers le Portugal qui nous rappelle que du patronyme <strong>Pereira<\/strong> (un poirier) une descendance c\u00e9l\u00e8bre, les fr\u00e8res Isaac et Emile <strong>Pereire<\/strong>, fut \u00e0 l\u2019origine de la cr\u00e9ation des grandes lignes de chemin de fer fran\u00e7ais. Un peu plus loin, les juifs d\u2019Espagne portaient souvent le nom de leur ville, <strong>Marciano<\/strong> pour Murcie, <strong>Barchilon<\/strong> pour Barcelone ou encore <strong>Cacer\u00e8s<\/strong>.<br \/>\nAllez,\u00a0 un petit tour en Italie o\u00f9 d\u2019origine polonaise ils \u00e9taient des <strong>Polacci<\/strong>, natifs de Pise des Pisa, de Parme des Parmero ou de <strong>Ferrare<\/strong> des <strong>Finzi<\/strong> rendus c\u00e9l\u00e8bres par la cam\u00e9ra de Vittorio de Sica dans le Jardin des Finzi-Contini. N\u2019oublions pas le banquier Angelo <strong>Donati<\/strong> de Mod\u00e8ne qui finan\u00e7a pendant la guerre le sauvetage de milliers de juifs avec son ami le pr\u00eatre capucin P\u00e8re Marie-Beno\u00eet, Juste parmi les Nations, que j\u2019ai eu le privil\u00e8ge de conna\u00eetre.<br \/>\nDe l\u2019autre c\u00f4t\u00e9 de l\u2019Adriatique, la Gr\u00e8ce avec ses noms qui chantent les villes espagnoles, <strong>Toledo<\/strong>, <strong>Zaragoza<\/strong>, italiennes avec <strong>Modiano<\/strong>, <strong>Veneziano<\/strong>, ses noms bibliques <strong>Saltiel<\/strong>, <strong>Ezekiel<\/strong>, et ses c\u00e9l\u00e9brit\u00e9s Albert <strong>Cohen<\/strong>, Georges <strong>Moustaki<\/strong>.<br \/>\nDans les Balkans une mixit\u00e9 de romaniotes, d\u2019ashk\u00e9nazes venus d\u2019Europe centrale et de juifs turcs ; les patronymes de Bulgarie furent semblables \u00e0 leurs petits fr\u00e8res grecs, serbes ou croates avec beaucoup de <strong>Cohen<\/strong>, de <strong>Levy<\/strong>, et des consonances espagnoles, <strong>Gattegno<\/strong>, <strong>Bueno<\/strong>, des noms h\u00e9bra\u00efques <strong>Melamed<\/strong> (enseignant) <strong>Mizrahi<\/strong> (l\u2019oriental) <strong>Nahoum<\/strong> le nom du proph\u00e8te.<br \/>\nAllons sur le beau Danube bleu o\u00f9 les juifs hongrois avaient adopt\u00e9 des pr\u00e9noms tr\u00e8s locaux, on trouvera chez eux des Th\u00e9odore comme <strong>Herzl<\/strong>, Laszlo, Imre, ou m\u00eame Attila. Leurs noms \u00e9taient souvent germaniques, <strong>Schwarz<\/strong> (noir) ou <strong>Fekhete<\/strong> en hongrois, <strong>Weisz<\/strong> (blanc) et aussi bibliques, clin d\u2019\u0153il \u00e0 Michel <strong>Jonasz<\/strong>.<br \/>\nLa Roumanie avec jadis une importante communaut\u00e9 juive \u00e0 Bucarest et \u00e0 Iassy, les nombreux <strong>Croitoru<\/strong> (le tailleur) mais surtout le suffixe -ci d\u00e9riv\u00e9 du suffixe slave vitch, fils de, qui nous donne les <strong>Leibovici<\/strong>, <strong>Moscovici<\/strong>, et un petit clin d\u2019\u0153il \u00e0 mon ami <strong>Ciubotariu<\/strong> (cordonnier) et aussi le cin\u00e9aste Radu <strong>Mihaileanu<\/strong>.<br \/>\nDirection, Allemagne -Autriche avec des noms rappelant les villes, Spire avec les <strong>Shapiro<\/strong>, Ulm avec les <strong>Ulmo<\/strong>, Dantzig avec les <strong>Dantziger<\/strong>, ou Vienne avec les <strong>Wiener<\/strong> mais aussi <strong>Miller<\/strong>, le meunier ou <strong>Storch<\/strong> la cigogne. Mais les m\u00e9tiers et l\u2019aspect physique restaient tr\u00e8s pr\u00e9sents, le cordonnier Schumacher, le gros Gross sans oublier des c\u00e9l\u00e9brit\u00e9s, Stefan <strong>Zweig<\/strong> (la branche) Sigmund <strong>Freud<\/strong> (la joie). On poursuivra avec la Lituanie ou le suffixe slave wicz mute en vicius comme chez le cin\u00e9aste Michel <strong>Hazanavicius<\/strong>.<br \/>\nGrand saut du c\u00f4t\u00e9 de la Perfide Albion o\u00f9 un commer\u00e7ant de Bi\u00e9lorussie, Michal <strong>Marks<\/strong>, s\u2019associait avec son caissier Thomas Spencer pour fonder Marks and Spencer pendant que d\u2019autres fra\u00eechement arriv\u00e9s se fondaient dans des noms tr\u00e8s british, les <strong>Szajn<\/strong> (joli) devenaient Shane et \u00ab\u00a0my Sznajder (Taylor) is rich\u00a0\u00bb.<br \/>\nEn France, arriv\u00e9e des juifs d\u2019Afrique du Nord mais qui pourrait oublier le Comtat-Venaissin avec ses juifs du Pape, Carpentras et sa plus ancienne synagogue de France encore en service, et ses illustres <strong>Alphand\u00e9ry<\/strong>, <strong>Cr\u00e9mieux<\/strong> ou <strong>Milhaud<\/strong>.<br \/>\nEnfin, les grands classiques que l\u2019on retrouvera \u00e0 travers toute la Pologne, la Russie, l\u2019Ukraine, la Moldavie, en yiddish ou en polonais, <strong>Apelbaum<\/strong> le pommier, <strong>Blumenfeld<\/strong> le champ de fleurs, <strong>Goldberg<\/strong> la montagne d\u2019or, <strong>Warszawski<\/strong> de Varsovie et les amis de mon grand-p\u00e8re, <strong>Gaska<\/strong> l\u2019oie ou <strong>Kaszka<\/strong> le canard. Aussi <strong>Melnik<\/strong> le meunier ou <strong>Kucharski<\/strong> le cuisinier sans oublier <strong>Fiszbein<\/strong> l\u2019ar\u00eate de poisson. Les juifs d\u2019Europe centrale me passionnent par leurs noms et mon d\u00e9funt p\u00e8re, parlant de ses amis, me rappelait que la barbe avait toute sa place en Pologne. Il y avait Albert <strong>Czarnobroda<\/strong>, un \u00ab\u00a0mentch\u00a0\u00bb, ancien pr\u00e9sident du KKL, litt\u00e9ralement barbe noire mais il aimait bien <strong>Byalobroda<\/strong>, barbe blanche et avait beaucoup d\u2019affection pour <strong>Zoltobroda<\/strong>, barbe jaune.<br \/>\nCes merveilleux patronymes venus de toute l\u2019Europe forment une cha\u00eene d\u2019union qui nous lie dans le temps, elle nous vient du pass\u00e9 et tend vers l\u2019avenir.<br \/>\nNous sommes ainsi rattach\u00e9s \u00e0 la lign\u00e9e de nos anc\u00eatres.<\/p>\n<p><em>Publi\u00e9 dans le n\u00b01610 d&#8217;Actualit\u00e9 Juive le 5 Ao\u00fbt 2021<\/em><\/p>\n","protected":false},"excerpt":{"rendered":"<p>Par Alain Kaminski Les patronymes juifs ont souvent une quintuple origine. Ils sont parfois filiation, parfois m\u00e9tier ou encore localit\u00e9<\/p>\n","protected":false},"author":1,"featured_media":0,"comment_status":"open","ping_status":"open","sticky":false,"template":"","format":"standard","meta":{"_mi_skip_tracking":false,"_exactmetrics_sitenote_active":false,"_exactmetrics_sitenote_note":"","_exactmetrics_sitenote_category":0,"footnotes":""},"categories":[79],"tags":[65,72,50,30],"table_tags":[],"_links":{"self":[{"href":"https:\/\/aifonline.net\/index.php?rest_route=\/wp\/v2\/posts\/2304"}],"collection":[{"href":"https:\/\/aifonline.net\/index.php?rest_route=\/wp\/v2\/posts"}],"about":[{"href":"https:\/\/aifonline.net\/index.php?rest_route=\/wp\/v2\/types\/post"}],"author":[{"embeddable":true,"href":"https:\/\/aifonline.net\/index.php?rest_route=\/wp\/v2\/users\/1"}],"replies":[{"embeddable":true,"href":"https:\/\/aifonline.net\/index.php?rest_route=%2Fwp%2Fv2%2Fcomments&post=2304"}],"version-history":[{"count":2,"href":"https:\/\/aifonline.net\/index.php?rest_route=\/wp\/v2\/posts\/2304\/revisions"}],"predecessor-version":[{"id":2306,"href":"https:\/\/aifonline.net\/index.php?rest_route=\/wp\/v2\/posts\/2304\/revisions\/2306"}],"wp:attachment":[{"href":"https:\/\/aifonline.net\/index.php?rest_route=%2Fwp%2Fv2%2Fmedia&parent=2304"}],"wp:term":[{"taxonomy":"category","embeddable":true,"href":"https:\/\/aifonline.net\/index.php?rest_route=%2Fwp%2Fv2%2Fcategories&post=2304"},{"taxonomy":"post_tag","embeddable":true,"href":"https:\/\/aifonline.net\/index.php?rest_route=%2Fwp%2Fv2%2Ftags&post=2304"},{"taxonomy":"table_tags","embeddable":true,"href":"https:\/\/aifonline.net\/index.php?rest_route=%2Fwp%2Fv2%2Ftable_tags&post=2304"}],"curies":[{"name":"wp","href":"https:\/\/api.w.org\/{rel}","templated":true}]}}