{"id":2323,"date":"2021-08-28T10:50:55","date_gmt":"2021-08-28T08:50:55","guid":{"rendered":"http:\/\/aifonline.net\/?p=2323"},"modified":"2021-08-28T13:00:57","modified_gmt":"2021-08-28T11:00:57","slug":"conference-racisme-et-obsessions-identitaires-par-antoine-spire","status":"publish","type":"post","link":"https:\/\/aifonline.net\/?p=2323","title":{"rendered":"Conf\u00e9rence : Racisme et obsessions identitaires par Antoine Spire"},"content":{"rendered":"<p>Dans le cadre de son \u00e9mission TAMBOUR BATTANT sur DEMAIN.FR, Antoine Spire nous propose une table ronde passionnante diffus\u00e9e au moins de juin dernier <em>Racisme et obsessions identitaires<\/em>.<\/p>\n<p>Pour d\u00e9battre de ces questions Antoine Spire et H\u00e9l\u00e8ne Mathieu re\u00e7oivent :<br \/>\n\u2013\u00a0Elisabeth Roudinesco,\u00a0Historienne de la psychanalyse et psychanalyste, auteure de <em>Soi-m\u00eame comme un roi<\/em>\u00a0(Ed. Seuil)<br \/>\n\u2013\u00a0Alain Policar,\u00a0Docteur en sciences politiques, chercheur au centre de recherches politiques de sciences po (Cevipof \u2013 CNRS\/IEP), auteur de <em>L\u2019inqui\u00e9tante familiarit\u00e9 de la race<\/em>\u00a0(Ed. Le Bord de l\u2019Eau)<br \/>\n\u2013 Sophie Mendelsohn,\u00a0Psychanalyste , auteure de <em>La vie psychique du racisme<\/em> (Ed. La D\u00e9couverte)<br \/>\n\u2013 Nicolas Bancel, Historien, Professeur \u00e0 l\u2019universit\u00e9 de Lausanne, co-auteur de <em>L\u2019invention de la race<\/em> (Ed. La D\u00e9couverte)<br \/>\n\u2013 Rachel Khan,\u00a0Juriste en droit public et droit international, actrice, auteure de <em>Rac\u00e9e<\/em> (Eds. de l\u2019Observatoire)<\/p>\n<p><iframe loading=\"lazy\" width=\"910\" height=\"512\" src=\"https:\/\/www.youtube.com\/embed\/O9ub8hqM_Ec?feature=oembed\" frameborder=\"0\" allow=\"accelerometer; autoplay; clipboard-write; encrypted-media; gyroscope; picture-in-picture\" allowfullscreen><\/iframe><\/p>\n<p>L\u2019\u00e9mission est diffus\u00e9e sur la TNT, sur Internet et sur You Tube<\/p>\n","protected":false},"excerpt":{"rendered":"<p>Dans le cadre de son \u00e9mission TAMBOUR BATTANT sur DEMAIN.FR, Antoine Spire nous propose une table ronde passionnante diffus\u00e9e au<\/p>\n","protected":false},"author":1,"featured_media":0,"comment_status":"open","ping_status":"open","sticky":false,"template":"","format":"standard","meta":{"_mi_skip_tracking":false,"_exactmetrics_sitenote_active":false,"_exactmetrics_sitenote_note":"","_exactmetrics_sitenote_category":0,"footnotes":""},"categories":[81],"tags":[],"table_tags":[],"_links":{"self":[{"href":"https:\/\/aifonline.net\/index.php?rest_route=\/wp\/v2\/posts\/2323"}],"collection":[{"href":"https:\/\/aifonline.net\/index.php?rest_route=\/wp\/v2\/posts"}],"about":[{"href":"https:\/\/aifonline.net\/index.php?rest_route=\/wp\/v2\/types\/post"}],"author":[{"embeddable":true,"href":"https:\/\/aifonline.net\/index.php?rest_route=\/wp\/v2\/users\/1"}],"replies":[{"embeddable":true,"href":"https:\/\/aifonline.net\/index.php?rest_route=%2Fwp%2Fv2%2Fcomments&post=2323"}],"version-history":[{"count":5,"href":"https:\/\/aifonline.net\/index.php?rest_route=\/wp\/v2\/posts\/2323\/revisions"}],"predecessor-version":[{"id":2328,"href":"https:\/\/aifonline.net\/index.php?rest_route=\/wp\/v2\/posts\/2323\/revisions\/2328"}],"wp:attachment":[{"href":"https:\/\/aifonline.net\/index.php?rest_route=%2Fwp%2Fv2%2Fmedia&parent=2323"}],"wp:term":[{"taxonomy":"category","embeddable":true,"href":"https:\/\/aifonline.net\/index.php?rest_route=%2Fwp%2Fv2%2Fcategories&post=2323"},{"taxonomy":"post_tag","embeddable":true,"href":"https:\/\/aifonline.net\/index.php?rest_route=%2Fwp%2Fv2%2Ftags&post=2323"},{"taxonomy":"table_tags","embeddable":true,"href":"https:\/\/aifonline.net\/index.php?rest_route=%2Fwp%2Fv2%2Ftable_tags&post=2323"}],"curies":[{"name":"wp","href":"https:\/\/api.w.org\/{rel}","templated":true}]}}