{"id":2368,"date":"2021-09-22T08:54:51","date_gmt":"2021-09-22T06:54:51","guid":{"rendered":"http:\/\/aifonline.net\/?p=2368"},"modified":"2021-09-22T10:11:17","modified_gmt":"2021-09-22T08:11:17","slug":"livre-trois-par-valerie-perrin","status":"publish","type":"post","link":"https:\/\/aifonline.net\/?p=2368","title":{"rendered":"Livre : Trois par Val\u00e9rie Perrin"},"content":{"rendered":"<p><em><strong>Les recommandations litt\u00e9raires de Sabine Strul<\/strong><\/em><\/p>\n<p><em>Adrien<\/em> le myst\u00e9rieux \u00e0 droite ; le bel <em>Etienne<\/em> \u00e0 gauche et au milieu, la lumineuse <em>Nina<\/em>.<br \/>\nTous les trois, \u00e0 onze ans, se retrouvent dans la m\u00eame classe. Ils grandissent dans le m\u00eame village, deviennent adultes et la vie les a s\u00e9par\u00e9s&#8230; Qu&#8217;est-ce qui a bris\u00e9 leur amiti\u00e9 ?<br \/>\nA la fois roman d&#8217;amour, d&#8217;amiti\u00e9 et m\u00eame polar, <em>Trois<\/em> nous am\u00e8ne vers les liens de l&#8217;enfance et de l&#8217;adolescence&#8230; Les grandes illusions et les grandes esp\u00e9rances de l&#8217;existence.<br \/>\nLivre &#8220;miroir&#8221; qui fait aussi remonter les souvenirs de notre jeunesse&#8230; et c\u00e9l\u00e8bre l&#8217;amiti\u00e9 au long cours.<\/p>\n<p><strong>Val\u00e9rie Perrin<br \/>\n<\/strong>Romanci\u00e8re et sc\u00e9nariste, (de Claude Lelouch notamment, dont elle est la compagne) elle m&#8217;avait d\u00e9j\u00e0 enchant\u00e9e avec son roman pr\u00e9c\u00e9dent <em>Changer l&#8217;eau des fleurs<\/em>. Une fois encore, avec beaucoup de pudeur et de d\u00e9licatesse, elle nous entra\u00eene dans un tourbillon d&#8217;\u00e9motions !<\/p>\n<p><img decoding=\"async\" loading=\"lazy\" class=\"size-full wp-image-2369 aligncenter\" src=\"https:\/\/aifonline.net\/wp-content\/uploads\/2021\/09\/Trois.jpg\" alt=\"\" width=\"340\" height=\"340\" srcset=\"https:\/\/aifonline.net\/wp-content\/uploads\/2021\/09\/Trois.jpg 340w, https:\/\/aifonline.net\/wp-content\/uploads\/2021\/09\/Trois-150x150.jpg 150w, https:\/\/aifonline.net\/wp-content\/uploads\/2021\/09\/Trois-300x300.jpg 300w\" sizes=\"(max-width: 340px) 100vw, 340px\" \/><\/p>\n<p><em>Trois<\/em> de Val\u00e9rie PERRIN<br \/>\n\u00c9dition Albin Michel<br \/>\nParution Avril 21 &#8211; 668 pages &#8211; 21.90\u20ac<\/p>\n","protected":false},"excerpt":{"rendered":"<p>Les recommandations litt\u00e9raires de Sabine Strul Adrien le myst\u00e9rieux \u00e0 droite ; le bel Etienne \u00e0 gauche et au milieu,<\/p>\n","protected":false},"author":1,"featured_media":0,"comment_status":"open","ping_status":"open","sticky":false,"template":"","format":"standard","meta":{"_mi_skip_tracking":false,"_exactmetrics_sitenote_active":false,"_exactmetrics_sitenote_note":"","_exactmetrics_sitenote_category":0,"footnotes":""},"categories":[36],"tags":[35],"table_tags":[],"_links":{"self":[{"href":"https:\/\/aifonline.net\/index.php?rest_route=\/wp\/v2\/posts\/2368"}],"collection":[{"href":"https:\/\/aifonline.net\/index.php?rest_route=\/wp\/v2\/posts"}],"about":[{"href":"https:\/\/aifonline.net\/index.php?rest_route=\/wp\/v2\/types\/post"}],"author":[{"embeddable":true,"href":"https:\/\/aifonline.net\/index.php?rest_route=\/wp\/v2\/users\/1"}],"replies":[{"embeddable":true,"href":"https:\/\/aifonline.net\/index.php?rest_route=%2Fwp%2Fv2%2Fcomments&post=2368"}],"version-history":[{"count":4,"href":"https:\/\/aifonline.net\/index.php?rest_route=\/wp\/v2\/posts\/2368\/revisions"}],"predecessor-version":[{"id":2388,"href":"https:\/\/aifonline.net\/index.php?rest_route=\/wp\/v2\/posts\/2368\/revisions\/2388"}],"wp:attachment":[{"href":"https:\/\/aifonline.net\/index.php?rest_route=%2Fwp%2Fv2%2Fmedia&parent=2368"}],"wp:term":[{"taxonomy":"category","embeddable":true,"href":"https:\/\/aifonline.net\/index.php?rest_route=%2Fwp%2Fv2%2Fcategories&post=2368"},{"taxonomy":"post_tag","embeddable":true,"href":"https:\/\/aifonline.net\/index.php?rest_route=%2Fwp%2Fv2%2Ftags&post=2368"},{"taxonomy":"table_tags","embeddable":true,"href":"https:\/\/aifonline.net\/index.php?rest_route=%2Fwp%2Fv2%2Ftable_tags&post=2368"}],"curies":[{"name":"wp","href":"https:\/\/api.w.org\/{rel}","templated":true}]}}