{"id":2374,"date":"2021-09-22T09:00:49","date_gmt":"2021-09-22T07:00:49","guid":{"rendered":"http:\/\/aifonline.net\/?p=2374"},"modified":"2021-09-22T08:40:10","modified_gmt":"2021-09-22T06:40:10","slug":"billet-quatre-ans-plus-tard","status":"publish","type":"post","link":"https:\/\/aifonline.net\/?p=2374","title":{"rendered":"Billet : Quatre ans plus tard"},"content":{"rendered":"<p><em><strong>Par Alain Kaminski<\/strong><\/em><\/p>\n<p>Il n\u2019\u00e9tait jug\u00e9 que quatre plus tard pour incitation \u00e0 la haine raciale, on pourrait dire \u00e0 la justice\u2026 peut mieux faire. Le Minist\u00e8re public avait requis six mois de prison avec sursis pour cet imam de Toulouse qui citait dans un pr\u00eache bien choisi un hadith, recueil qui apporte les d\u00e9tails sur la fa\u00e7on de faire des actes islamiques, lequel concluait \u00ab\u00a0il y a un juif derri\u00e8re moi, viens et tue-le\u00a0\u00bb.<br \/>\nPour de tels propos, diffus\u00e9s bien entendu sur les r\u00e9seaux sociaux, ledit imam vient d\u2019\u00eatre relax\u00e9. Le tribunal s\u2019en est expliqu\u00e9 en d\u00e9clarant ne pas trouver dans ces termes une volont\u00e9 de provoquer la haine ou la discrimination. Et d\u2019ajouter que les propos ont \u00e9t\u00e9 tenus imprudemment sans aucune volont\u00e9 de discriminer.<br \/>\nLa d\u00e9fense de l\u2019imam a salu\u00e9 l\u2019ind\u00e9pendance d\u2019esprit d\u2019un tribunal qui a r\u00e9sist\u00e9 \u00ab\u00a0\u00e0 une tentative in\u00e9dite de voir criminaliser le commentaire parfaitement licite d\u2019un hadith\u00a0\u00bb. On va finir par se demander si, dans ce genre de proc\u00e8s, ce ne sont pas les parties civiles qui commettent un d\u00e9lit. Bien entendu, ce pr\u00eache \u00e9tait en langue arabe mais la vid\u00e9o avait permis aux traducteurs asserment\u00e9s d\u2019apporter la preuve de l\u2019incitation \u00e0 la haine. L\u2019imam, d\u00e9tach\u00e9 en France par le Minist\u00e8re alg\u00e9rien des Affaires religieuses qui par ailleurs le r\u00e9mun\u00e8re, avait d\u00e9j\u00e0 fait l\u2019objet d\u2019un signalement par le pr\u00e9fet de Haute-Garonne. Il pourra d\u00e9sormais continuer en toute impunit\u00e9 \u00e0 tenir ses discours de haine puisque, si la loi ne le lui permet pas, la Justice, elle, le lui permet. Comprenne qui voudra. Le maire de Toulouse s\u2019est timidement interrog\u00e9 mais pas de vagues, il ne faut pas offusquer son \u00e9lectorat. Tr\u00e8s prochainement on n\u2019en parlera plus et c\u2019est bien connu des antis\u00e9mites et de ceux qui pensent que l\u2019antis\u00e9mitisme \u00e7a n\u2019emp\u00eache pas de dormir, on ne commente pas une d\u00e9cision de justice.<br \/>\nCette petite phrase est devenue \u00e0 la mode chez nos politiques et dans les m\u00e9dias, on ne commente pas une d\u00e9cision de justice.<br \/>\nZola doit se retourner dans sa tombe.<\/p>\n","protected":false},"excerpt":{"rendered":"<p>Par Alain Kaminski Il n\u2019\u00e9tait jug\u00e9 que quatre plus tard pour incitation \u00e0 la haine raciale, on pourrait dire \u00e0<\/p>\n","protected":false},"author":1,"featured_media":0,"comment_status":"open","ping_status":"open","sticky":false,"template":"","format":"standard","meta":{"_mi_skip_tracking":false,"_exactmetrics_sitenote_active":false,"_exactmetrics_sitenote_note":"","_exactmetrics_sitenote_category":0,"footnotes":""},"categories":[4],"tags":[28,83],"table_tags":[],"_links":{"self":[{"href":"https:\/\/aifonline.net\/index.php?rest_route=\/wp\/v2\/posts\/2374"}],"collection":[{"href":"https:\/\/aifonline.net\/index.php?rest_route=\/wp\/v2\/posts"}],"about":[{"href":"https:\/\/aifonline.net\/index.php?rest_route=\/wp\/v2\/types\/post"}],"author":[{"embeddable":true,"href":"https:\/\/aifonline.net\/index.php?rest_route=\/wp\/v2\/users\/1"}],"replies":[{"embeddable":true,"href":"https:\/\/aifonline.net\/index.php?rest_route=%2Fwp%2Fv2%2Fcomments&post=2374"}],"version-history":[{"count":2,"href":"https:\/\/aifonline.net\/index.php?rest_route=\/wp\/v2\/posts\/2374\/revisions"}],"predecessor-version":[{"id":2378,"href":"https:\/\/aifonline.net\/index.php?rest_route=\/wp\/v2\/posts\/2374\/revisions\/2378"}],"wp:attachment":[{"href":"https:\/\/aifonline.net\/index.php?rest_route=%2Fwp%2Fv2%2Fmedia&parent=2374"}],"wp:term":[{"taxonomy":"category","embeddable":true,"href":"https:\/\/aifonline.net\/index.php?rest_route=%2Fwp%2Fv2%2Fcategories&post=2374"},{"taxonomy":"post_tag","embeddable":true,"href":"https:\/\/aifonline.net\/index.php?rest_route=%2Fwp%2Fv2%2Ftags&post=2374"},{"taxonomy":"table_tags","embeddable":true,"href":"https:\/\/aifonline.net\/index.php?rest_route=%2Fwp%2Fv2%2Ftable_tags&post=2374"}],"curies":[{"name":"wp","href":"https:\/\/api.w.org\/{rel}","templated":true}]}}