{"id":2376,"date":"2021-09-22T08:53:26","date_gmt":"2021-09-22T06:53:26","guid":{"rendered":"http:\/\/aifonline.net\/?p=2376"},"modified":"2021-09-22T10:12:49","modified_gmt":"2021-09-22T08:12:49","slug":"conference-entre-education-populaire-et-education-juive-lalliance-israelite-universelle-par-jean-claude-kuperminc","status":"publish","type":"post","link":"https:\/\/aifonline.net\/?p=2376","title":{"rendered":"Conf\u00e9rence : L\u2019Alliance isra\u00e9lite universelle par Jean-Claude Kuperminc"},"content":{"rendered":"<p>\u00c9tonnamment, beaucoup de choses rapprochent la Biblioth\u00e8que des Amis de l\u2019instruction (BAI) et la Biblioth\u00e8que de l\u2019Alliance isra\u00e9lite universelle (AIU). Pourtant, le lien entre une institution juive et un centre de la\u00efcit\u00e9 militante ne va pas de soi. N\u00e9es presqu\u2019en m\u00eame temps, en 1860 et 1861, les deux soci\u00e9t\u00e9s partagent en r\u00e9alit\u00e9 de nombreux fondements id\u00e9ologiques. Des id\u00e9es sont en commun, comme celles de solidarit\u00e9, de progr\u00e8s par l\u2019instruction, et de d\u00e9veloppement personnel pour sortir de la mis\u00e8re \u00e9conomique et sociale. Des hommes partagent ces combats, comme Ferdinand Buisson, le grand p\u00e9dagogue, qui sera associ\u00e9 aux d\u00e9buts de la r\u00e9flexion p\u00e9dagogique de l\u2019Alliance. Les id\u00e9es de la R\u00e9volution fran\u00e7aise, le Saint-simonisme, la Franc-ma\u00e7onnerie, autant de lieux r\u00e9els ou virtuels o\u00f9 les animateurs des deux institutions ont pu se croiser. En \u00e9tudiant le discours et les r\u00e9alisations de l\u2019AIU \u00e0 travers le monde, on s\u2019aper\u00e7oit vite que cette entreprise d\u2019\u00e9ducation et d\u2019instruction des jeunes juifs a beaucoup \u00e0 voir avec la soif d\u2019instruction qui anime la BAI.<br \/>\nDernier point commun, et non des moindres\u00a0: ces deux biblioth\u00e8ques sont toujours vivantes, et elles ont pris le virage de la modernit\u00e9 pour mieux servir le monde autour d\u2019elles, avec l\u2019ambition de satisfaire leurs publics.<\/p>\n<p>Jean-Claude Kuperminc, est directeur de la biblioth\u00e8que et des archives de l\u2019Alliance isra\u00e9lite universelle, et pr\u00e9sident de la Commission fran\u00e7aise des archives juives. Il est l\u2019un des membres fondateurs du R\u00e9seau Rachel qui regroupe plusieurs biblioth\u00e8ques juives.<\/p>\n<p>Le jeudi 28 mars 2019<\/p>\n<p>Pour \u00e9couter l\u2019enregistrement :<br \/>\n<a href=\"https:\/\/bai.asso.fr\/conference\/soiree-de-mars-2019-entre-education-populaire-et-education-juive-lalliance-israelite-universelle-par-jean-claude-kuperminc\/\">https:\/\/bai.asso.fr\/conference\/soiree-de-mars-2019-entre-education-populaire-et-education-juive-lalliance-israelite-universelle-par-jean-claude-kuperminc\/<\/a><\/p>\n","protected":false},"excerpt":{"rendered":"<p>\u00c9tonnamment, beaucoup de choses rapprochent la Biblioth\u00e8que des Amis de l\u2019instruction (BAI) et la Biblioth\u00e8que de l\u2019Alliance isra\u00e9lite universelle (AIU).<\/p>\n","protected":false},"author":1,"featured_media":0,"comment_status":"open","ping_status":"open","sticky":false,"template":"","format":"standard","meta":{"_mi_skip_tracking":false,"_exactmetrics_sitenote_active":false,"_exactmetrics_sitenote_note":"","_exactmetrics_sitenote_category":0,"footnotes":""},"categories":[81],"tags":[],"table_tags":[],"_links":{"self":[{"href":"https:\/\/aifonline.net\/index.php?rest_route=\/wp\/v2\/posts\/2376"}],"collection":[{"href":"https:\/\/aifonline.net\/index.php?rest_route=\/wp\/v2\/posts"}],"about":[{"href":"https:\/\/aifonline.net\/index.php?rest_route=\/wp\/v2\/types\/post"}],"author":[{"embeddable":true,"href":"https:\/\/aifonline.net\/index.php?rest_route=\/wp\/v2\/users\/1"}],"replies":[{"embeddable":true,"href":"https:\/\/aifonline.net\/index.php?rest_route=%2Fwp%2Fv2%2Fcomments&post=2376"}],"version-history":[{"count":5,"href":"https:\/\/aifonline.net\/index.php?rest_route=\/wp\/v2\/posts\/2376\/revisions"}],"predecessor-version":[{"id":2391,"href":"https:\/\/aifonline.net\/index.php?rest_route=\/wp\/v2\/posts\/2376\/revisions\/2391"}],"wp:attachment":[{"href":"https:\/\/aifonline.net\/index.php?rest_route=%2Fwp%2Fv2%2Fmedia&parent=2376"}],"wp:term":[{"taxonomy":"category","embeddable":true,"href":"https:\/\/aifonline.net\/index.php?rest_route=%2Fwp%2Fv2%2Fcategories&post=2376"},{"taxonomy":"post_tag","embeddable":true,"href":"https:\/\/aifonline.net\/index.php?rest_route=%2Fwp%2Fv2%2Ftags&post=2376"},{"taxonomy":"table_tags","embeddable":true,"href":"https:\/\/aifonline.net\/index.php?rest_route=%2Fwp%2Fv2%2Ftable_tags&post=2376"}],"curies":[{"name":"wp","href":"https:\/\/api.w.org\/{rel}","templated":true}]}}