{"id":241,"date":"2018-10-22T13:06:04","date_gmt":"2018-10-22T11:06:04","guid":{"rendered":"http:\/\/yamieux.fr\/?p=241"},"modified":"2018-10-22T13:06:04","modified_gmt":"2018-10-22T11:06:04","slug":"de-qui-se-moque-t-on","status":"publish","type":"post","link":"https:\/\/aifonline.net\/?p=241","title":{"rendered":"De qui se moque-t-on ?"},"content":{"rendered":"<p>Le reportage \u00e0 charge contre Isra\u00ebl diffus\u00e9 par France 2 \u00e9tait sans surprise aucune, d\u2019un c\u00f4t\u00e9 une jeunesse bless\u00e9e qui re\u00e7oit le t\u00e9l\u00e9spectateur \u00e0 la maison, lequel ne se verra jamais proposer une visite guid\u00e9e chez les victimes isra\u00e9liennes d\u2019attentats \u00e0 l\u2019arme blanche, \u00e0 la voiture b\u00e9lier, aux jets de pierres etc.L\u2019Ambassade d\u2019Isra\u00ebl a beau publier les chiffres officiels, pr\u00e8s de 200 attaques \u00e0 l\u2019arme blanche, pr\u00e8s de 200 bombes artisanales, plus de 1200 grenades Molotov, une centaine d\u2019obus de mortiers tir\u00e9s depuis la bande de Gaza et 62 personnes innocentes tu\u00e9es depuis moins de trois ans, des terroristes s\u2019introduisant dans les maisons pour y poignarder des familles enti\u00e8res, tout cela on n\u2019en parle jamais. Ces chiffres et ces faits n\u2019int\u00e9ressent gu\u00e8re ceux qui, par ailleurs, ne reculent devant rien et mettent ainsi en danger la s\u00e9curit\u00e9 des fran\u00e7ais juifs par la diffusion d\u2019images et d\u2019interviews soigneusement pr\u00e9par\u00e9s.<\/p>\n<p>On aurait voulu qu\u2019un reporter s\u2019interroge\u00e2t sur la pr\u00e9sence de gamins de cinq ans jetant des pierres sur des soldats, o\u00f9 de tr\u00e8s jeunes ados essayant de franchir la fronti\u00e8re en r\u00eavant de s\u2019introduire dans les villages isra\u00e9liens pour y faire couler le plus de sang possible, que nenni\u00a0!<\/p>\n<p>On a pr\u00e9f\u00e9r\u00e9 nous expliquer que ces si jeunes gamins, des bambins parfois, avaient d\u2019eux-m\u00eames pris l\u2019initiative d\u2019aller combattre, d\u2019aller rompre des fils barbel\u00e9s avec des pinces-coupantes plus lourdes qu\u2019eux-m\u00eames.<\/p>\n<p>Mais de qui se moque-t-on\u00a0? La ficelle fut si grosse que le professionnalisme des r\u00e9alisateurs en fut alt\u00e9r\u00e9 au possible, l\u2019\u00e9thique la plus \u00e9l\u00e9mentaire coula \u00e0 pic et j\u2019imagine que les t\u00e9l\u00e9spectateurs n\u2019ont pas \u00e9t\u00e9 dupes \u00e0 ce point.<\/p>\n<p>Quant au malheureux cycliste qui se voyait d\u00e9j\u00e0 champion olympique, bien triste image certes, mais que diable allait-il faire le long de la fronti\u00e8re au milieu de ces hordes? Etait-ce vraiment l\u00e0 une piste d\u2019entra\u00eenement pour un homme qui r\u00eavait d\u2019une brillante carri\u00e8re ?<\/p>\n<p>Quant \u00e0 l\u2019audimat, but recherch\u00e9 par les r\u00e9alisateurs de ce reportage naus\u00e9abond, c\u2019est un peu rat\u00e9 avec 9,4% d\u2019audience pour une diffusion en prime time sur une grande cha\u00eene publique, ce qui veut bien dire qu\u2019\u00e0 force de v\u00e9rit\u00e9 tronqu\u00e9e et d\u2019interviews orient\u00e9s, on n\u2019y croit plus, et c\u2019est peut-\u00eatre une bonne chose que de le constater.<\/p>\n<p>La vraie question que le t\u00e9l\u00e9spectateur est en droit de se poser est de savoir si les reporters qui d\u00e9nichent des soldats isra\u00e9liens, actifs ou r\u00e9servistes, plaidant la cause palestinienne peuvent rencontrer des gazaouis plaidant la cause isra\u00e9lienne.<\/p>\n<p>Peut-\u00eatre, \u00e0 moins que, haut et court, ces derniers ne soient pendus avant en place publique ou ne disparaissent sans autre forme de proc\u00e8s.<\/p>\n<p><strong>Alain Kaminski<\/strong><br \/>\nSecr\u00e9taire g\u00e9n\u00e9ral de la F\u00e9d\u00e9ration des Soci\u00e9t\u00e9s Juives de France<\/p>\n<p><em>Initialement publi\u00e9 le lundi 22 octobre 2018<\/em><\/p>\n","protected":false},"excerpt":{"rendered":"<p>Le reportage \u00e0 charge contre Isra\u00ebl diffus\u00e9 par France 2 \u00e9tait sans surprise aucune, d\u2019un c\u00f4t\u00e9 une jeunesse bless\u00e9e qui<\/p>\n","protected":false},"author":2,"featured_media":0,"comment_status":"open","ping_status":"open","sticky":false,"template":"","format":"standard","meta":{"_mi_skip_tracking":false,"_exactmetrics_sitenote_active":false,"_exactmetrics_sitenote_note":"","_exactmetrics_sitenote_category":0,"footnotes":""},"categories":[4],"tags":[],"table_tags":[],"_links":{"self":[{"href":"https:\/\/aifonline.net\/index.php?rest_route=\/wp\/v2\/posts\/241"}],"collection":[{"href":"https:\/\/aifonline.net\/index.php?rest_route=\/wp\/v2\/posts"}],"about":[{"href":"https:\/\/aifonline.net\/index.php?rest_route=\/wp\/v2\/types\/post"}],"author":[{"embeddable":true,"href":"https:\/\/aifonline.net\/index.php?rest_route=\/wp\/v2\/users\/2"}],"replies":[{"embeddable":true,"href":"https:\/\/aifonline.net\/index.php?rest_route=%2Fwp%2Fv2%2Fcomments&post=241"}],"version-history":[{"count":0,"href":"https:\/\/aifonline.net\/index.php?rest_route=\/wp\/v2\/posts\/241\/revisions"}],"wp:attachment":[{"href":"https:\/\/aifonline.net\/index.php?rest_route=%2Fwp%2Fv2%2Fmedia&parent=241"}],"wp:term":[{"taxonomy":"category","embeddable":true,"href":"https:\/\/aifonline.net\/index.php?rest_route=%2Fwp%2Fv2%2Fcategories&post=241"},{"taxonomy":"post_tag","embeddable":true,"href":"https:\/\/aifonline.net\/index.php?rest_route=%2Fwp%2Fv2%2Ftags&post=241"},{"taxonomy":"table_tags","embeddable":true,"href":"https:\/\/aifonline.net\/index.php?rest_route=%2Fwp%2Fv2%2Ftable_tags&post=241"}],"curies":[{"name":"wp","href":"https:\/\/api.w.org\/{rel}","templated":true}]}}