{"id":2430,"date":"2021-10-21T20:53:38","date_gmt":"2021-10-21T18:53:38","guid":{"rendered":"http:\/\/aifonline.net\/?p=2430"},"modified":"2021-10-22T09:15:32","modified_gmt":"2021-10-22T07:15:32","slug":"patronymes-en-pologne-ils-portaient-parfois-les-memes","status":"publish","type":"post","link":"https:\/\/aifonline.net\/?p=2430","title":{"rendered":"Patronymes :  En Pologne, ils portaient parfois les m\u00eames noms"},"content":{"rendered":"<p><em><strong>Par Alain Kaminski<\/strong><\/em><\/p>\n<p>Les juifs polonais ont souvent port\u00e9 les m\u00eames patronymes que les chr\u00e9tiens.<br \/>\nJ\u2019ai bien connu \u00e0 Paris des <strong>Cybulski<\/strong>, cebula un oignon en polonais, <strong>Groch<\/strong> ou <strong>Goroch<\/strong>, un pois, ou <strong>Kwiatkowski<\/strong>, de la ville de Kwiatkow ou kwiat, une fleur et <strong>Orzechowski<\/strong>, orzech une noix.<br \/>\nMais on retrouvera souvent les <strong>Kowalski<\/strong>, le forgeron. Tr\u00e8s juif cependant, <strong>Rodach<\/strong> de rod, le clan familial avec beaucoup de <strong>Ruda<\/strong>.<br \/>\nSi vous aimez le panais, cette sorte de pomme de terre du pauvre d\u2019o\u00f9 l\u2019expression \u00eatre dans la panade, vous l\u2019aurez en polonais avec un juif, prix Nobel de litt\u00e9rature, Boris <strong>Pasternak<\/strong> que vous connaissez gr\u00e2ce au Dr Jivago. D\u2019autres juifs, les <strong>Sadkowki<\/strong> de Sadkowice ou encore <strong>Sosnowski<\/strong> de Sosnowiec. <strong>Szczygiel<\/strong>, le chardonneret, ce petit oiseau chanteur nous fait penser \u00e0 Jean-Fran\u00e7ois <strong>Zygel<\/strong>, homme de musique \u00e0 la t\u00e9l\u00e9vision. Craz en polonais signifie insens\u00e9 et a donn\u00e9 <strong>Kraczyki<\/strong> que nous connaissions gr\u00e2ce \u00e0 un juif natif de Varsovie, Henri <strong>Krasucki<\/strong>, ancien secr\u00e9taire g\u00e9n\u00e9ral de la CGT. Et vous connaissez tous Ren\u00e9 <strong>Goscinny<\/strong>, en polonais un invit\u00e9, le p\u00e8re d\u2019Ast\u00e9rix dont les parents \u00e9taient des immigr\u00e9s juifs polonais. Mon clin d\u2019\u0153il ira \u00e0 ce cher <strong>Makowski<\/strong>, fondateur des colonies de vacances du Foyer ouvrier juif, \u00e0 Verberie et aux Andelys. Mako comme on l\u2019appelait vient de Mak, la graine de pavot et le Makowiec est le g\u00e2teau au pavot de nos grands-m\u00e8res.<br \/>\nMais le violon n\u2019est jamais absent et le violoniste, sur le toit ou ailleurs, quand il n\u2019est pas <strong>Fidler<\/strong> en yiddish est en polonais un <strong>Skrzypczak<\/strong>. Pas compliqu\u00e9 quand m\u00eame.<\/p>\n<p><em>Paru dans Actualit\u00e9 Juive n\u00b01615 du 14\/10\/2021<\/em><\/p>\n","protected":false},"excerpt":{"rendered":"<p>Par Alain Kaminski Les juifs polonais ont souvent port\u00e9 les m\u00eames patronymes que les chr\u00e9tiens. J\u2019ai bien connu \u00e0 Paris<\/p>\n","protected":false},"author":1,"featured_media":0,"comment_status":"open","ping_status":"open","sticky":false,"template":"","format":"standard","meta":{"_mi_skip_tracking":false,"_exactmetrics_sitenote_active":false,"_exactmetrics_sitenote_note":"","_exactmetrics_sitenote_category":0,"footnotes":""},"categories":[79],"tags":[],"table_tags":[],"_links":{"self":[{"href":"https:\/\/aifonline.net\/index.php?rest_route=\/wp\/v2\/posts\/2430"}],"collection":[{"href":"https:\/\/aifonline.net\/index.php?rest_route=\/wp\/v2\/posts"}],"about":[{"href":"https:\/\/aifonline.net\/index.php?rest_route=\/wp\/v2\/types\/post"}],"author":[{"embeddable":true,"href":"https:\/\/aifonline.net\/index.php?rest_route=\/wp\/v2\/users\/1"}],"replies":[{"embeddable":true,"href":"https:\/\/aifonline.net\/index.php?rest_route=%2Fwp%2Fv2%2Fcomments&post=2430"}],"version-history":[{"count":5,"href":"https:\/\/aifonline.net\/index.php?rest_route=\/wp\/v2\/posts\/2430\/revisions"}],"predecessor-version":[{"id":2475,"href":"https:\/\/aifonline.net\/index.php?rest_route=\/wp\/v2\/posts\/2430\/revisions\/2475"}],"wp:attachment":[{"href":"https:\/\/aifonline.net\/index.php?rest_route=%2Fwp%2Fv2%2Fmedia&parent=2430"}],"wp:term":[{"taxonomy":"category","embeddable":true,"href":"https:\/\/aifonline.net\/index.php?rest_route=%2Fwp%2Fv2%2Fcategories&post=2430"},{"taxonomy":"post_tag","embeddable":true,"href":"https:\/\/aifonline.net\/index.php?rest_route=%2Fwp%2Fv2%2Ftags&post=2430"},{"taxonomy":"table_tags","embeddable":true,"href":"https:\/\/aifonline.net\/index.php?rest_route=%2Fwp%2Fv2%2Ftable_tags&post=2430"}],"curies":[{"name":"wp","href":"https:\/\/api.w.org\/{rel}","templated":true}]}}