{"id":2484,"date":"2021-11-05T18:33:10","date_gmt":"2021-11-05T17:33:10","guid":{"rendered":"http:\/\/aifonline.net\/?p=2484"},"modified":"2021-11-05T18:34:41","modified_gmt":"2021-11-05T17:34:41","slug":"portrait-aron-brones","status":"publish","type":"post","link":"https:\/\/aifonline.net\/?p=2484","title":{"rendered":"Portrait : Aron Bron\u00e8s (1902-1942)"},"content":{"rendered":"<figure id=\"attachment_2485\" aria-describedby=\"caption-attachment-2485\" style=\"width: 300px\" class=\"wp-caption aligncenter\"><img decoding=\"async\" loading=\"lazy\" class=\"wp-image-2485\" src=\"https:\/\/aifonline.net\/wp-content\/uploads\/2021\/11\/Aron-Brone\u0300s.jpeg\" alt=\"\" width=\"300\" height=\"400\" srcset=\"https:\/\/aifonline.net\/wp-content\/uploads\/2021\/11\/Aron-Brone\u0300s.jpeg 480w, https:\/\/aifonline.net\/wp-content\/uploads\/2021\/11\/Aron-Brone\u0300s-225x300.jpeg 225w\" sizes=\"(max-width: 300px) 100vw, 300px\" \/><figcaption id=\"caption-attachment-2485\" class=\"wp-caption-text\">Aron Brone\u0300s<\/figcaption><\/figure>\n<p>Magnifique portrait dessin\u00e9 le 28 d\u00e9cembre 1941 dans le camp de Drancy, de notre soci\u00e9taire Aron Bron\u00e8s n\u00e9 le 4 f\u00e9vrier 1902 \u00e0 Varsovie, d\u00e9port\u00e9 de Drancy vers Auschwitz le 27 mars 1942 dans le convoi n\u00b01. Il ne reviendra pas.<\/p>\n<figure id=\"attachment_2488\" aria-describedby=\"caption-attachment-2488\" style=\"width: 300px\" class=\"wp-caption aligncenter\"><img decoding=\"async\" loading=\"lazy\" class=\"wp-image-2488\" src=\"https:\/\/aifonline.net\/wp-content\/uploads\/2021\/11\/IMG_0020.jpeg\" alt=\"\" width=\"300\" height=\"225\" srcset=\"https:\/\/aifonline.net\/wp-content\/uploads\/2021\/11\/IMG_0020.jpeg 640w, https:\/\/aifonline.net\/wp-content\/uploads\/2021\/11\/IMG_0020-300x225.jpeg 300w, https:\/\/aifonline.net\/wp-content\/uploads\/2021\/11\/IMG_0020-600x450.jpeg 600w\" sizes=\"(max-width: 300px) 100vw, 300px\" \/><figcaption id=\"caption-attachment-2488\" class=\"wp-caption-text\">Jacques et Jacqueline Bron\u00e8s<\/figcaption><\/figure>\n<p>Son fils, Jacques est aujourd&#8217;hui vice-pr\u00e9sident des Amis Isra\u00e9lites de France.<br \/>\nSur la photo, il est aux c\u00f4t\u00e9s de son \u00e9pouse Jacqueline n\u00e9e Goldberg.<\/p>\n<figure id=\"attachment_2486\" aria-describedby=\"caption-attachment-2486\" style=\"width: 300px\" class=\"wp-caption aligncenter\"><img decoding=\"async\" loading=\"lazy\" class=\"wp-image-2486\" src=\"https:\/\/aifonline.net\/wp-content\/uploads\/2021\/11\/Fanny-Brone\u0300s.jpg\" alt=\"\" width=\"300\" height=\"450\" srcset=\"https:\/\/aifonline.net\/wp-content\/uploads\/2021\/11\/Fanny-Brone\u0300s.jpg 400w, https:\/\/aifonline.net\/wp-content\/uploads\/2021\/11\/Fanny-Brone\u0300s-200x300.jpg 200w\" sizes=\"(max-width: 300px) 100vw, 300px\" \/><figcaption id=\"caption-attachment-2486\" class=\"wp-caption-text\">Fanny Brone\u0300s n\u00e9e Schkopeck<\/figcaption><\/figure>\n<p>La veuve d&#8217;Aron Bron\u00e8s , Fanny, nous a quitt\u00e9s le 2 ao\u00fbt 2005 \u00e0 l&#8217;\u00e2ge de 98 ans. Elle \u00e9tait n\u00e9e Schkopeck, une des quatre familles fondatrices des AIF en 1930.<\/p>\n<figure id=\"attachment_2487\" aria-describedby=\"caption-attachment-2487\" style=\"width: 300px\" class=\"wp-caption aligncenter\"><img decoding=\"async\" loading=\"lazy\" class=\"wp-image-2487\" src=\"https:\/\/aifonline.net\/wp-content\/uploads\/2021\/11\/certificat_etudes_Schkopeck.jpg\" alt=\"\" width=\"300\" height=\"365\" srcset=\"https:\/\/aifonline.net\/wp-content\/uploads\/2021\/11\/certificat_etudes_Schkopeck.jpg 481w, https:\/\/aifonline.net\/wp-content\/uploads\/2021\/11\/certificat_etudes_Schkopeck-247x300.jpg 247w\" sizes=\"(max-width: 300px) 100vw, 300px\" \/><figcaption id=\"caption-attachment-2487\" class=\"wp-caption-text\">Certificat d&#8217;\u00e9tudes Fanny Schkopeck<\/figcaption><\/figure>\n","protected":false},"excerpt":{"rendered":"<p>Magnifique portrait dessin\u00e9 le 28 d\u00e9cembre 1941 dans le camp de Drancy, de notre soci\u00e9taire Aron Bron\u00e8s n\u00e9 le 4<\/p>\n","protected":false},"author":1,"featured_media":0,"comment_status":"open","ping_status":"open","sticky":false,"template":"","format":"standard","meta":{"_mi_skip_tracking":false,"_exactmetrics_sitenote_active":false,"_exactmetrics_sitenote_note":"","_exactmetrics_sitenote_category":0,"footnotes":""},"categories":[84],"tags":[78,65],"table_tags":[],"_links":{"self":[{"href":"https:\/\/aifonline.net\/index.php?rest_route=\/wp\/v2\/posts\/2484"}],"collection":[{"href":"https:\/\/aifonline.net\/index.php?rest_route=\/wp\/v2\/posts"}],"about":[{"href":"https:\/\/aifonline.net\/index.php?rest_route=\/wp\/v2\/types\/post"}],"author":[{"embeddable":true,"href":"https:\/\/aifonline.net\/index.php?rest_route=\/wp\/v2\/users\/1"}],"replies":[{"embeddable":true,"href":"https:\/\/aifonline.net\/index.php?rest_route=%2Fwp%2Fv2%2Fcomments&post=2484"}],"version-history":[{"count":3,"href":"https:\/\/aifonline.net\/index.php?rest_route=\/wp\/v2\/posts\/2484\/revisions"}],"predecessor-version":[{"id":2496,"href":"https:\/\/aifonline.net\/index.php?rest_route=\/wp\/v2\/posts\/2484\/revisions\/2496"}],"wp:attachment":[{"href":"https:\/\/aifonline.net\/index.php?rest_route=%2Fwp%2Fv2%2Fmedia&parent=2484"}],"wp:term":[{"taxonomy":"category","embeddable":true,"href":"https:\/\/aifonline.net\/index.php?rest_route=%2Fwp%2Fv2%2Fcategories&post=2484"},{"taxonomy":"post_tag","embeddable":true,"href":"https:\/\/aifonline.net\/index.php?rest_route=%2Fwp%2Fv2%2Ftags&post=2484"},{"taxonomy":"table_tags","embeddable":true,"href":"https:\/\/aifonline.net\/index.php?rest_route=%2Fwp%2Fv2%2Ftable_tags&post=2484"}],"curies":[{"name":"wp","href":"https:\/\/api.w.org\/{rel}","templated":true}]}}