{"id":2507,"date":"2021-11-10T03:31:51","date_gmt":"2021-11-10T02:31:51","guid":{"rendered":"http:\/\/aifonline.net\/?p=2507"},"modified":"2021-11-10T03:35:01","modified_gmt":"2021-11-10T02:35:01","slug":"carnet-mariage-de-yaniv-ben-ishai","status":"publish","type":"post","link":"https:\/\/aifonline.net\/?p=2507","title":{"rendered":"Carnet : Mariage de Yaniv Ben Isha\u00ef"},"content":{"rendered":"<p>Notre soci\u00e9taire Ida Studniberg, demeurant \u00e0 Ber-Sheva (Isra\u00ebl) nous a fait part du mariage de son petit-fils Yaniv le 31 octobre 2021 \u00e0 Ber-Sheva avec la tr\u00e8s jolie Amit Negrin.<br \/>\nYaniv est le fils d&#8217;Aline Ben Isha\u00ef n\u00e9e Studniberg et de Elie.<\/p>\n<p>Ida Studniberg , soci\u00e9taire depuis toujours, fille de feue notre soci\u00e9taire Mme Ruchla Miller n\u00e9e Rotsztejn, est la veuve de Jacques Studniberg autrefois administrateur des Amis Isra\u00e9lites de France.<br \/>\nUn grand mazal tov aux jeunes mari\u00e9s et tout le Bureau des AIF t&#8217;embrasse tr\u00e8s fort Ida.<\/p>\n<figure id=\"attachment_2508\" aria-describedby=\"caption-attachment-2508\" style=\"width: 910px\" class=\"wp-caption alignleft\"><img decoding=\"async\" loading=\"lazy\" class=\"size-large wp-image-2508\" src=\"https:\/\/aifonline.net\/wp-content\/uploads\/2021\/11\/Amit-et-Yaniv-Ben-Ishai\u0308-1024x576.jpg\" alt=\"\" width=\"910\" height=\"512\" srcset=\"https:\/\/aifonline.net\/wp-content\/uploads\/2021\/11\/Amit-et-Yaniv-Ben-Ishai\u0308-1024x576.jpg 1024w, https:\/\/aifonline.net\/wp-content\/uploads\/2021\/11\/Amit-et-Yaniv-Ben-Ishai\u0308-300x169.jpg 300w, https:\/\/aifonline.net\/wp-content\/uploads\/2021\/11\/Amit-et-Yaniv-Ben-Ishai\u0308-768x432.jpg 768w, https:\/\/aifonline.net\/wp-content\/uploads\/2021\/11\/Amit-et-Yaniv-Ben-Ishai\u0308-1360x765.jpg 1360w, https:\/\/aifonline.net\/wp-content\/uploads\/2021\/11\/Amit-et-Yaniv-Ben-Ishai\u0308.jpg 1600w\" sizes=\"(max-width: 910px) 100vw, 910px\" \/><figcaption id=\"caption-attachment-2508\" class=\"wp-caption-text\">Amit et Yaniv Ben Ishai\u0308<\/figcaption><\/figure>\n","protected":false},"excerpt":{"rendered":"<p>Notre soci\u00e9taire Ida Studniberg, demeurant \u00e0 Ber-Sheva (Isra\u00ebl) nous a fait part du mariage de son petit-fils Yaniv le 31<\/p>\n","protected":false},"author":1,"featured_media":0,"comment_status":"open","ping_status":"open","sticky":false,"template":"","format":"standard","meta":{"_mi_skip_tracking":false,"_exactmetrics_sitenote_active":false,"_exactmetrics_sitenote_note":"","_exactmetrics_sitenote_category":0,"footnotes":""},"categories":[5,85],"tags":[19],"table_tags":[],"_links":{"self":[{"href":"https:\/\/aifonline.net\/index.php?rest_route=\/wp\/v2\/posts\/2507"}],"collection":[{"href":"https:\/\/aifonline.net\/index.php?rest_route=\/wp\/v2\/posts"}],"about":[{"href":"https:\/\/aifonline.net\/index.php?rest_route=\/wp\/v2\/types\/post"}],"author":[{"embeddable":true,"href":"https:\/\/aifonline.net\/index.php?rest_route=\/wp\/v2\/users\/1"}],"replies":[{"embeddable":true,"href":"https:\/\/aifonline.net\/index.php?rest_route=%2Fwp%2Fv2%2Fcomments&post=2507"}],"version-history":[{"count":1,"href":"https:\/\/aifonline.net\/index.php?rest_route=\/wp\/v2\/posts\/2507\/revisions"}],"predecessor-version":[{"id":2509,"href":"https:\/\/aifonline.net\/index.php?rest_route=\/wp\/v2\/posts\/2507\/revisions\/2509"}],"wp:attachment":[{"href":"https:\/\/aifonline.net\/index.php?rest_route=%2Fwp%2Fv2%2Fmedia&parent=2507"}],"wp:term":[{"taxonomy":"category","embeddable":true,"href":"https:\/\/aifonline.net\/index.php?rest_route=%2Fwp%2Fv2%2Fcategories&post=2507"},{"taxonomy":"post_tag","embeddable":true,"href":"https:\/\/aifonline.net\/index.php?rest_route=%2Fwp%2Fv2%2Ftags&post=2507"},{"taxonomy":"table_tags","embeddable":true,"href":"https:\/\/aifonline.net\/index.php?rest_route=%2Fwp%2Fv2%2Ftable_tags&post=2507"}],"curies":[{"name":"wp","href":"https:\/\/api.w.org\/{rel}","templated":true}]}}