{"id":2520,"date":"2021-11-20T07:50:03","date_gmt":"2021-11-20T06:50:03","guid":{"rendered":"http:\/\/aifonline.net\/?p=2520"},"modified":"2021-11-24T08:28:21","modified_gmt":"2021-11-24T07:28:21","slug":"conference-la-prison-du-19e-siecle-a-nos-jours","status":"publish","type":"post","link":"https:\/\/aifonline.net\/?p=2520","title":{"rendered":"Conf\u00e9rence : La prison du XIX\u00e8me si\u00e8cle \u00e0 nos jours"},"content":{"rendered":"<p>Cycle de conf\u00e9rences 2021-2022 propos\u00e9 par la BAI (Biblioth\u00e8que des Amis de l&#8217;Instruction) en collaboration avec le Contr\u00f4le G\u00e9n\u00e9ral des lieux de Privation de Libert\u00e9 (CGLPL) : La Prison du 19\u00e8 si\u00e8cle \u00e0 nos jours.<\/p>\n<p>Conf\u00e9rence introductive : Enfermer et punir. La prison, hier et aujourd\u2019hui, par Michelle Perrot et Dominique Simonnot (Contr\u00f4leure g\u00e9n\u00e9rale des Lieux de privation de libert\u00e9)<\/p>\n<p><iframe loading=\"lazy\" width=\"910\" height=\"512\" src=\"https:\/\/www.youtube.com\/embed\/_41OJ7iqsnc?feature=oembed\" frameborder=\"0\" allow=\"accelerometer; autoplay; clipboard-write; encrypted-media; gyroscope; picture-in-picture\" allowfullscreen><\/iframe><\/p>\n<h4><em>\u00ab Libert\u00e9, bien supr\u00eame \u00bb<\/em><\/h4>\n<p>Entre octobre 2021 et juin 2022, la Biblioth\u00e8que des Amis de l\u2019Instruction (BAI), en collaboration avec le Contr\u00f4le G\u00e9n\u00e9ral des Lieux de Privation de Libert\u00e9 (CGLPL), propose un cycle de conf\u00e9rences sur la prison du XIXe\u00a0si\u00e8cle \u00e0 nos jours. Ce cycle se d\u00e9roulera sous le patronage de Michelle Perrot, et de Dominique Simonnot, controleure g\u00e9n\u00e9rale des lieux de privation de libert\u00e9. Il se d\u00e9roulera dans les locaux de la bai, selon les modalit\u00e9s habituelles. Il sera coordonn\u00e9 par Michel Roszewitch, pr\u00e9sident de la bai, et Andr\u00e9 Ferragne, secr\u00e9taire g\u00e9n\u00e9ral du cglpl.<\/p>\n<p>Retrouvez tout le cycle sur le site de la BAI :<br \/>\n<a href=\"https:\/\/bai.asso.fr\/delinquance-et-enfermement-du-19e-siecle-a-nos-jours\/\">https:\/\/bai.asso.fr\/delinquance-et-enfermement-du-19e-siecle-a-nos-jours\/<\/a><\/p>\n","protected":false},"excerpt":{"rendered":"<p>Cycle de conf\u00e9rences 2021-2022 propos\u00e9 par la BAI (Biblioth\u00e8que des Amis de l&#8217;Instruction) en collaboration avec le Contr\u00f4le G\u00e9n\u00e9ral des<\/p>\n","protected":false},"author":1,"featured_media":0,"comment_status":"open","ping_status":"open","sticky":false,"template":"","format":"standard","meta":{"_mi_skip_tracking":false,"_exactmetrics_sitenote_active":false,"_exactmetrics_sitenote_note":"","_exactmetrics_sitenote_category":0,"footnotes":""},"categories":[81],"tags":[83],"table_tags":[],"_links":{"self":[{"href":"https:\/\/aifonline.net\/index.php?rest_route=\/wp\/v2\/posts\/2520"}],"collection":[{"href":"https:\/\/aifonline.net\/index.php?rest_route=\/wp\/v2\/posts"}],"about":[{"href":"https:\/\/aifonline.net\/index.php?rest_route=\/wp\/v2\/types\/post"}],"author":[{"embeddable":true,"href":"https:\/\/aifonline.net\/index.php?rest_route=\/wp\/v2\/users\/1"}],"replies":[{"embeddable":true,"href":"https:\/\/aifonline.net\/index.php?rest_route=%2Fwp%2Fv2%2Fcomments&post=2520"}],"version-history":[{"count":7,"href":"https:\/\/aifonline.net\/index.php?rest_route=\/wp\/v2\/posts\/2520\/revisions"}],"predecessor-version":[{"id":2537,"href":"https:\/\/aifonline.net\/index.php?rest_route=\/wp\/v2\/posts\/2520\/revisions\/2537"}],"wp:attachment":[{"href":"https:\/\/aifonline.net\/index.php?rest_route=%2Fwp%2Fv2%2Fmedia&parent=2520"}],"wp:term":[{"taxonomy":"category","embeddable":true,"href":"https:\/\/aifonline.net\/index.php?rest_route=%2Fwp%2Fv2%2Fcategories&post=2520"},{"taxonomy":"post_tag","embeddable":true,"href":"https:\/\/aifonline.net\/index.php?rest_route=%2Fwp%2Fv2%2Ftags&post=2520"},{"taxonomy":"table_tags","embeddable":true,"href":"https:\/\/aifonline.net\/index.php?rest_route=%2Fwp%2Fv2%2Ftable_tags&post=2520"}],"curies":[{"name":"wp","href":"https:\/\/api.w.org\/{rel}","templated":true}]}}