{"id":2538,"date":"2021-11-24T07:58:16","date_gmt":"2021-11-24T06:58:16","guid":{"rendered":"http:\/\/aifonline.net\/?p=2538"},"modified":"2021-11-24T08:07:24","modified_gmt":"2021-11-24T07:07:24","slug":"portrait-maurice-goldenberg-1908-1944","status":"publish","type":"post","link":"https:\/\/aifonline.net\/?p=2538","title":{"rendered":"Portrait : Maurice Goldenberg (1908-1944)"},"content":{"rendered":"<p>Salut Maurice,<br \/>\nJe sais que tu es n\u00e9 \u00e0 Paris le 9 mars 1908 au sein d&#8217;une famille d&#8217;origine russe, de parents qui se sont rencontr\u00e9s en Turquie, que tu \u00e9tais le benjamin d&#8217;un fr\u00e8re et de deux s\u0153urs.<br \/>\nJe sais que tu as \u00e9pous\u00e9 H\u00e9l\u00e8ne Rosenbaum le 31 janvier 1935.<\/p>\n<figure id=\"attachment_2543\" aria-describedby=\"caption-attachment-2543\" style=\"width: 369px\" class=\"wp-caption aligncenter\"><img decoding=\"async\" loading=\"lazy\" class=\"size-full wp-image-2543\" src=\"https:\/\/aifonline.net\/wp-content\/uploads\/2021\/11\/maurice_goldenberg2.jpg\" alt=\"\" width=\"369\" height=\"521\" srcset=\"https:\/\/aifonline.net\/wp-content\/uploads\/2021\/11\/maurice_goldenberg2.jpg 369w, https:\/\/aifonline.net\/wp-content\/uploads\/2021\/11\/maurice_goldenberg2-212x300.jpg 212w\" sizes=\"(max-width: 369px) 100vw, 369px\" \/><figcaption id=\"caption-attachment-2543\" class=\"wp-caption-text\">Mariage de Maurice Goldenberg et d&#8217;H\u00e9l\u00e8ne Rosenbaum<\/figcaption><\/figure>\n<p>Je sais que tu es arriv\u00e9 au 4\u00e8me r\u00e9giment de Zouaves en 1929 puis chez les tirailleurs tunisiens en 1929.<br \/>\nJe sais que tu as \u00e9t\u00e9 r\u00e9incorpor\u00e9 en 1939 et que tu fus nomm\u00e9 sergent-chef de r\u00e9serve.<\/p>\n<figure id=\"attachment_2542\" aria-describedby=\"caption-attachment-2542\" style=\"width: 433px\" class=\"wp-caption aligncenter\"><img decoding=\"async\" loading=\"lazy\" class=\"size-full wp-image-2542\" src=\"https:\/\/aifonline.net\/wp-content\/uploads\/2021\/11\/maurice_goldenberg1.jpg\" alt=\"\" width=\"433\" height=\"640\" srcset=\"https:\/\/aifonline.net\/wp-content\/uploads\/2021\/11\/maurice_goldenberg1.jpg 433w, https:\/\/aifonline.net\/wp-content\/uploads\/2021\/11\/maurice_goldenberg1-203x300.jpg 203w\" sizes=\"(max-width: 433px) 100vw, 433px\" \/><figcaption id=\"caption-attachment-2542\" class=\"wp-caption-text\">Maurice Goldenberg lors de son service militaire, le 22 mars 1930<\/figcaption><\/figure>\n<p>Ton \u00e9pouse, enceinte de moi, partit se cacher en Auvergne dans la commune du Mont-d&#8217;Or mais toi, tu voulais continuer de travailler \u00e0 Paris, persuad\u00e9 qu&#8217;un ancien sergent-chef de l&#8217;arm\u00e9e fran\u00e7aise ne pourra jamais \u00eatre &#8220;inqui\u00e9t\u00e9&#8221;. Mais tu as \u00e9t\u00e9 d\u00e9nonc\u00e9 par ton employeur dans ton atelier de fourrure, sur ton lieu de travail, &#8220;Chez Toumain&#8221;.<\/p>\n<figure id=\"attachment_2544\" aria-describedby=\"caption-attachment-2544\" style=\"width: 255px\" class=\"wp-caption aligncenter\"><img decoding=\"async\" loading=\"lazy\" class=\"wp-image-2544 size-full\" src=\"https:\/\/aifonline.net\/wp-content\/uploads\/2021\/11\/maurice_goldenberg3.jpg\" alt=\"\" width=\"255\" height=\"348\" srcset=\"https:\/\/aifonline.net\/wp-content\/uploads\/2021\/11\/maurice_goldenberg3.jpg 255w, https:\/\/aifonline.net\/wp-content\/uploads\/2021\/11\/maurice_goldenberg3-220x300.jpg 220w\" sizes=\"(max-width: 255px) 100vw, 255px\" \/><figcaption id=\"caption-attachment-2544\" class=\"wp-caption-text\">Maurice Goldenberg<\/figcaption><\/figure>\n<p>Tu rejoignis fatalement le camp de Drancy que tu quittas le 30 mai 1944 par le convoi 75 en direction d&#8217;Auschwitz.<br \/>\nA la Lib\u00e9ration, on t&#8217;attribuera cette m\u00eame date comme fin de ta vie.<br \/>\nTu appris dans le camp, avant de partir en fum\u00e9e, par un autre d\u00e9tenu arriv\u00e9 par le convoi suivant, que tu \u00e9tais papa d&#8217;un tout petit gar\u00e7on de trois livres qui d&#8217;ailleurs ne portera ton nom, Goldenberg, qu&#8217;en 1947.<br \/>\nIl ne faisait pas bon encore&#8230; de s&#8217;appeler Goldenberg le 15 juin 1944 au Mont-d&#8217;Or.<br \/>\nPuis tout pouvait rentrer dans l&#8217;ordre, enfin presque. Il manquait une sacr\u00e9e pi\u00e8ce au puzzle comme me le fait souvent remarquer un ami tr\u00e8s cher.<br \/>\nMais comme la petite fiole de Hanouka qui br\u00fbla si longtemps, ton nom, \u00e0 quelques semaines pr\u00e8s, ne s&#8217;est pas compl\u00e8tement \u00e9teint.<br \/>\nJe serai m\u00eame tent\u00e9 de dire qu&#8217;ils ne t&#8217;ont pas eu !<\/p>\n<p>Pierre, ton fils<br \/>\nAlexandre, Sacha et Benjamin, tes petits-enfants,<br \/>\nGiovanni, Ruben, Rom\u00e9o, Salom\u00e9, Oscar, tes arri\u00e8re-petits-enfants<\/p>\n<p>Nous nous appelons tous Goldenberg.<\/p>\n","protected":false},"excerpt":{"rendered":"<p>Salut Maurice, Je sais que tu es n\u00e9 \u00e0 Paris le 9 mars 1908 au sein d&#8217;une famille d&#8217;origine russe,<\/p>\n","protected":false},"author":1,"featured_media":0,"comment_status":"open","ping_status":"open","sticky":false,"template":"","format":"standard","meta":{"_mi_skip_tracking":false,"_exactmetrics_sitenote_active":false,"_exactmetrics_sitenote_note":"","_exactmetrics_sitenote_category":0,"footnotes":""},"categories":[84],"tags":[78,65,50],"table_tags":[],"_links":{"self":[{"href":"https:\/\/aifonline.net\/index.php?rest_route=\/wp\/v2\/posts\/2538"}],"collection":[{"href":"https:\/\/aifonline.net\/index.php?rest_route=\/wp\/v2\/posts"}],"about":[{"href":"https:\/\/aifonline.net\/index.php?rest_route=\/wp\/v2\/types\/post"}],"author":[{"embeddable":true,"href":"https:\/\/aifonline.net\/index.php?rest_route=\/wp\/v2\/users\/1"}],"replies":[{"embeddable":true,"href":"https:\/\/aifonline.net\/index.php?rest_route=%2Fwp%2Fv2%2Fcomments&post=2538"}],"version-history":[{"count":12,"href":"https:\/\/aifonline.net\/index.php?rest_route=\/wp\/v2\/posts\/2538\/revisions"}],"predecessor-version":[{"id":2563,"href":"https:\/\/aifonline.net\/index.php?rest_route=\/wp\/v2\/posts\/2538\/revisions\/2563"}],"wp:attachment":[{"href":"https:\/\/aifonline.net\/index.php?rest_route=%2Fwp%2Fv2%2Fmedia&parent=2538"}],"wp:term":[{"taxonomy":"category","embeddable":true,"href":"https:\/\/aifonline.net\/index.php?rest_route=%2Fwp%2Fv2%2Fcategories&post=2538"},{"taxonomy":"post_tag","embeddable":true,"href":"https:\/\/aifonline.net\/index.php?rest_route=%2Fwp%2Fv2%2Ftags&post=2538"},{"taxonomy":"table_tags","embeddable":true,"href":"https:\/\/aifonline.net\/index.php?rest_route=%2Fwp%2Fv2%2Ftable_tags&post=2538"}],"curies":[{"name":"wp","href":"https:\/\/api.w.org\/{rel}","templated":true}]}}