{"id":2573,"date":"2021-11-24T07:48:05","date_gmt":"2021-11-24T06:48:05","guid":{"rendered":"http:\/\/aifonline.net\/?p=2573"},"modified":"2021-11-24T12:27:30","modified_gmt":"2021-11-24T11:27:30","slug":"conference-pascal-ory-et-nicolas-offenstadt-sur-france-inter","status":"publish","type":"post","link":"https:\/\/aifonline.net\/?p=2573","title":{"rendered":"Actualit\u00e9 : Pascal Ory et Nicolas Offenstadt sur France Inter"},"content":{"rendered":"<p>Dans cette p\u00e9riode de d\u00e9sinformation si fr\u00e9quente, un point de vue d\u2019historiens reconnus diffus\u00e9 par France Inter, nous apporte un \u00e9clairage bienvenu.<\/p>\n<p>Pascal Ory, historien, acad\u00e9micien, auteur de &#8220;De la haine du Juif&#8221; (Bouquins), et Nicolas Offenstadt, historien, ma\u00eetre de conf\u00e9rences \u00e0 l\u2019Universit\u00e9 de Paris 1, co-fondateur du Comit\u00e9 de vigilance sur les usages publics de l\u2019Histoire (CVUH), sont les invit\u00e9s du Grand entretien de France Inter.<\/p>\n<p><iframe loading=\"lazy\" width=\"910\" height=\"512\" src=\"https:\/\/www.youtube.com\/embed\/2nW5kc2PV9s?start=396&#038;feature=oembed\" frameborder=\"0\" allow=\"accelerometer; autoplay; clipboard-write; encrypted-media; gyroscope; picture-in-picture\" allowfullscreen><\/iframe><\/p>\n","protected":false},"excerpt":{"rendered":"<p>Dans cette p\u00e9riode de d\u00e9sinformation si fr\u00e9quente, un point de vue d\u2019historiens reconnus diffus\u00e9 par France Inter, nous apporte un<\/p>\n","protected":false},"author":1,"featured_media":0,"comment_status":"open","ping_status":"open","sticky":false,"template":"","format":"standard","meta":{"_mi_skip_tracking":false,"_exactmetrics_sitenote_active":false,"_exactmetrics_sitenote_note":"","_exactmetrics_sitenote_category":0,"footnotes":""},"categories":[2],"tags":[28,78,47,45],"table_tags":[],"_links":{"self":[{"href":"https:\/\/aifonline.net\/index.php?rest_route=\/wp\/v2\/posts\/2573"}],"collection":[{"href":"https:\/\/aifonline.net\/index.php?rest_route=\/wp\/v2\/posts"}],"about":[{"href":"https:\/\/aifonline.net\/index.php?rest_route=\/wp\/v2\/types\/post"}],"author":[{"embeddable":true,"href":"https:\/\/aifonline.net\/index.php?rest_route=\/wp\/v2\/users\/1"}],"replies":[{"embeddable":true,"href":"https:\/\/aifonline.net\/index.php?rest_route=%2Fwp%2Fv2%2Fcomments&post=2573"}],"version-history":[{"count":7,"href":"https:\/\/aifonline.net\/index.php?rest_route=\/wp\/v2\/posts\/2573\/revisions"}],"predecessor-version":[{"id":2586,"href":"https:\/\/aifonline.net\/index.php?rest_route=\/wp\/v2\/posts\/2573\/revisions\/2586"}],"wp:attachment":[{"href":"https:\/\/aifonline.net\/index.php?rest_route=%2Fwp%2Fv2%2Fmedia&parent=2573"}],"wp:term":[{"taxonomy":"category","embeddable":true,"href":"https:\/\/aifonline.net\/index.php?rest_route=%2Fwp%2Fv2%2Fcategories&post=2573"},{"taxonomy":"post_tag","embeddable":true,"href":"https:\/\/aifonline.net\/index.php?rest_route=%2Fwp%2Fv2%2Ftags&post=2573"},{"taxonomy":"table_tags","embeddable":true,"href":"https:\/\/aifonline.net\/index.php?rest_route=%2Fwp%2Fv2%2Ftable_tags&post=2573"}],"curies":[{"name":"wp","href":"https:\/\/api.w.org\/{rel}","templated":true}]}}