{"id":2589,"date":"2021-12-17T13:15:21","date_gmt":"2021-12-17T12:15:21","guid":{"rendered":"http:\/\/aifonline.net\/?p=2589"},"modified":"2021-12-17T13:56:24","modified_gmt":"2021-12-17T12:56:24","slug":"theatre-un-paradoxe-du-moment","status":"publish","type":"post","link":"https:\/\/aifonline.net\/?p=2589","title":{"rendered":"Th\u00e9\u00e2tre : Un paradoxe du moment"},"content":{"rendered":"<p><em><strong>Par Jacques Rozen<\/strong><\/em><\/p>\n<p>Comme nous nous en sommes rendu compte depuis plus de deux ans, le paradoxe est apparu de plus en plus fort dans nos vies. Nous sommes en pleine prise de conscience de toutes nos contradictions qui surgissent de plus en plus dans notre quotidien.<\/p>\n<p>Ce week-end, je me suis trouv\u00e9 dans un paradoxe particulier\u00a0: j\u2019ai assist\u00e9 \u00e0 deux pi\u00e8ces de th\u00e9\u00e2tre. Toutes les deux magnifiquement jou\u00e9es, des textes magnifiquement interpr\u00e9t\u00e9s, des mises en sc\u00e8ne superbes. Ceci pour la forme, mais deux pi\u00e8ces avec un fond totalement oppos\u00e9.<\/p>\n<figure id=\"attachment_2595\" aria-describedby=\"caption-attachment-2595\" style=\"width: 280px\" class=\"wp-caption aligncenter\"><img decoding=\"async\" loading=\"lazy\" class=\"wp-image-2595\" src=\"https:\/\/aifonline.net\/wp-content\/uploads\/2021\/11\/b8cda2_f2fdd960c39f4a60bd0d9871cbb8c36e_mv2-718x1024.jpeg\" alt=\"\" width=\"280\" height=\"400\" srcset=\"https:\/\/aifonline.net\/wp-content\/uploads\/2021\/11\/b8cda2_f2fdd960c39f4a60bd0d9871cbb8c36e_mv2-718x1024.jpeg 718w, https:\/\/aifonline.net\/wp-content\/uploads\/2021\/11\/b8cda2_f2fdd960c39f4a60bd0d9871cbb8c36e_mv2-210x300.jpeg 210w, https:\/\/aifonline.net\/wp-content\/uploads\/2021\/11\/b8cda2_f2fdd960c39f4a60bd0d9871cbb8c36e_mv2-768x1096.jpeg 768w, https:\/\/aifonline.net\/wp-content\/uploads\/2021\/11\/b8cda2_f2fdd960c39f4a60bd0d9871cbb8c36e_mv2.jpeg 1000w\" sizes=\"(max-width: 280px) 100vw, 280px\" \/><figcaption id=\"caption-attachment-2595\" class=\"wp-caption-text\">Simone Veil, les Combats d&#8217;une effront\u00e9e<\/figcaption><\/figure>\n<p>Tout d\u2019abord la pi\u00e8ce qui se joue au Th\u00e9\u00e2tre Antoine\u00a0: <strong><em>Simone Veil \u2013 les combats d\u2019une effront\u00e9e<\/em><\/strong>.<\/p>\n<p>C\u2019est \u00e0 ne pas manquer, c\u2019est magistralement jou\u00e9 par Cristiana Riali et Hannah Levin.<\/p>\n<p>La vie de Simone Veil est expos\u00e9e avec des rappels \u00e9mouvants sur Auschwitz et sur la reconstruction apr\u00e8s-guerre. Tous ses combats ou presque sont \u00e9voqu\u00e9s. Bien entendu celui pour le droit des femmes \u00e0 l\u2019avortement, mais aussi celui pour l\u2019Europe, le statut des prisonniers\u2026<\/p>\n<p>Cristiana Riali est une Simone Veil, impressionnante de justesse. Hannah Levin joue le r\u00f4le d\u2019une journaliste commentant la vie de Simone Veil, et le duo est parfait.<\/p>\n<p>Je ne pourrais que vous inciter \u00e0 aller assister au th\u00e9\u00e2tre Antoine \u00e0 cette hommage \u00e0 une femme que la R\u00e9publique Fran\u00e7aise a honor\u00e9e en lui ouvrant les portes du Panth\u00e9on comme derni\u00e8re demeure.<\/p>\n<figure id=\"attachment_2596\" aria-describedby=\"caption-attachment-2596\" style=\"width: 267px\" class=\"wp-caption aligncenter\"><img decoding=\"async\" loading=\"lazy\" class=\"wp-image-2596\" src=\"https:\/\/aifonline.net\/wp-content\/uploads\/2021\/11\/56dfeb3b27044cb2bbab847223eded9e.base_.image_-420x630.jpg\" alt=\"\" width=\"267\" height=\"400\" srcset=\"https:\/\/aifonline.net\/wp-content\/uploads\/2021\/11\/56dfeb3b27044cb2bbab847223eded9e.base_.image_-420x630.jpg 420w, https:\/\/aifonline.net\/wp-content\/uploads\/2021\/11\/56dfeb3b27044cb2bbab847223eded9e.base_.image_-420x630-200x300.jpg 200w\" sizes=\"(max-width: 267px) 100vw, 267px\" \/><figcaption id=\"caption-attachment-2596\" class=\"wp-caption-text\">Est-ce que j&#8217;ai une gueule d&#8217;Arletty ?<\/figcaption><\/figure>\n<p>Dans le m\u00eame week-end, j\u2019ai eu l\u2019occasion d\u2019assister \u00e0 un autre spectacle : <strong><em>Est-ce que j\u2019ai une gueule d\u2019Arletty\u00a0?<\/em><\/strong><\/p>\n<p>Certes Arletty fut une grande actrice, chanteuse. Certes elle se pr\u00e9sente comme une femme \u00e9prise de libert\u00e9, mais surtout de sa libert\u00e9. Certes, elle fut s\u00e9duite par un banquier juif, puis par un marchand de tableaux, et bien d\u2019autres. Mais elle fut aussi une personne qui pendant la derni\u00e8re guerre et au nom de sa libert\u00e9 de choix, pr\u00e9f\u00e9ra se complaire avec l\u2019occupant (son amant de l\u2019\u00e9poque \u00e9tait l\u2019homme de confiance d\u2019Hermann G\u00f6ring) et jamais ne r\u00e9alisa le moindre acte de r\u00e9sistance, feignant d\u2019ignorer tous les actes commis par l\u2019occupant. Certes la pi\u00e8ce est parfaitement huil\u00e9e et nous assistons \u00e0 la mont\u00e9e en pleine lumi\u00e8re d\u2019une jeune fille issue d\u2019un milieu pauvre, qui r\u00e9ussit gr\u00e2ce \u00e0 ses diverses comp\u00e9tences, dont celle de beaucoup plaire \u00e0 la famille Laval, \u00e0 C\u00e9line, etc.<\/p>\n<p>Le cin\u00e9ma fran\u00e7ais reconna\u00eet en elle une grande actrice\u00a0: <em>H\u00f4tel du Nord<\/em>, <em>Les visiteurs du soir<\/em>, <em>Les Enfants du paradis<\/em>, mais nous ne devons pas oublier son comportement pendant l\u2019occupation.<\/p>\n<p>La pi\u00e8ce jou\u00e9e et chant\u00e9e expose bien les facettes diff\u00e9rentes d\u2019Arletty. Rendons hommage aux acteurs et \u00e0 l\u2019auteur de n\u2019avoir rien \u00e9pargn\u00e9, y compris la fin d\u2019Arletty devenue aveugle.<\/p>\n<p>Avoir au cours du m\u00eame week-end la possibilit\u00e9 d\u2019assister \u00e0 un spectacle magnifiant la carri\u00e8re sulfureuse d\u2019une artiste et un autre spectacle pr\u00e9sentant une femme ayant une s\u0153ur r\u00e9sistante, une m\u00e8re morte d\u2019\u00e9puisement \u00e0 Auschwitz, une rescap\u00e9e de la Shoah qui a su d\u00e9passer le conflit avec l\u2019Allemagne pour y s\u00e9journer pendant trois ans dans les ann\u00e9es d\u2019apr\u00e8s-guerre est un paradoxe bien particulier.<\/p>\n","protected":false},"excerpt":{"rendered":"<p>Par Jacques Rozen Comme nous nous en sommes rendu compte depuis plus de deux ans, le paradoxe est apparu de<\/p>\n","protected":false},"author":1,"featured_media":0,"comment_status":"open","ping_status":"open","sticky":false,"template":"","format":"standard","meta":{"_mi_skip_tracking":false,"_exactmetrics_sitenote_active":false,"_exactmetrics_sitenote_note":"","_exactmetrics_sitenote_category":0,"footnotes":""},"categories":[13],"tags":[86,78,64,22],"table_tags":[],"_links":{"self":[{"href":"https:\/\/aifonline.net\/index.php?rest_route=\/wp\/v2\/posts\/2589"}],"collection":[{"href":"https:\/\/aifonline.net\/index.php?rest_route=\/wp\/v2\/posts"}],"about":[{"href":"https:\/\/aifonline.net\/index.php?rest_route=\/wp\/v2\/types\/post"}],"author":[{"embeddable":true,"href":"https:\/\/aifonline.net\/index.php?rest_route=\/wp\/v2\/users\/1"}],"replies":[{"embeddable":true,"href":"https:\/\/aifonline.net\/index.php?rest_route=%2Fwp%2Fv2%2Fcomments&post=2589"}],"version-history":[{"count":9,"href":"https:\/\/aifonline.net\/index.php?rest_route=\/wp\/v2\/posts\/2589\/revisions"}],"predecessor-version":[{"id":2657,"href":"https:\/\/aifonline.net\/index.php?rest_route=\/wp\/v2\/posts\/2589\/revisions\/2657"}],"wp:attachment":[{"href":"https:\/\/aifonline.net\/index.php?rest_route=%2Fwp%2Fv2%2Fmedia&parent=2589"}],"wp:term":[{"taxonomy":"category","embeddable":true,"href":"https:\/\/aifonline.net\/index.php?rest_route=%2Fwp%2Fv2%2Fcategories&post=2589"},{"taxonomy":"post_tag","embeddable":true,"href":"https:\/\/aifonline.net\/index.php?rest_route=%2Fwp%2Fv2%2Ftags&post=2589"},{"taxonomy":"table_tags","embeddable":true,"href":"https:\/\/aifonline.net\/index.php?rest_route=%2Fwp%2Fv2%2Ftable_tags&post=2589"}],"curies":[{"name":"wp","href":"https:\/\/api.w.org\/{rel}","templated":true}]}}