{"id":2600,"date":"2021-12-17T13:17:28","date_gmt":"2021-12-17T12:17:28","guid":{"rendered":"http:\/\/aifonline.net\/?p=2600"},"modified":"2021-12-17T13:55:54","modified_gmt":"2021-12-17T12:55:54","slug":"champ-libre-a-22-jours-pres-film-documentaire","status":"publish","type":"post","link":"https:\/\/aifonline.net\/?p=2600","title":{"rendered":"Champ libre : A 22 jours pr\u00e8s&#8230; film documentaire"},"content":{"rendered":"<p><strong><em>Par Catherine Tullat et Michel Roszewitch<\/em><\/strong><\/p>\n<p>Notre secr\u00e9taire Michel Roszewitch et sa cousine notre soci\u00e9taire Catherine Tullat,\u00a0r\u00e9alisatrice de documentaires, travaillent actuellement sur un film d\u00e9di\u00e9 \u00e0 la m\u00e9moire de leur grand-p\u00e8re Joseph Cohen, une histoire bouleversante qui est aussi l&#8217;occasion de d\u00e9couvrir l&#8217;Histoire des juifs de Turquie en France durant l&#8217;entre deux guerres et l&#8217;issue in\u00e9luctable de leur immigration sur le vieux continent.<br \/>\nMichel et Catherine sont \u00e0 la recherche de financement pour la production de leur film, si vous souhaitez y participer contactez-les par le formulaire situ\u00e9 en bas de cette page.<\/p>\n<figure id=\"attachment_2601\" aria-describedby=\"caption-attachment-2601\" style=\"width: 269px\" class=\"wp-caption aligncenter\"><img decoding=\"async\" loading=\"lazy\" class=\"size-full wp-image-2601\" src=\"https:\/\/aifonline.net\/wp-content\/uploads\/2021\/12\/joseph_cohen.jpg\" alt=\"\" width=\"269\" height=\"432\" srcset=\"https:\/\/aifonline.net\/wp-content\/uploads\/2021\/12\/joseph_cohen.jpg 269w, https:\/\/aifonline.net\/wp-content\/uploads\/2021\/12\/joseph_cohen-187x300.jpg 187w\" sizes=\"(max-width: 269px) 100vw, 269px\" \/><figcaption id=\"caption-attachment-2601\" class=\"wp-caption-text\">Joseph Cohen devant sa boutique dans le 11\u00e8me arrondissement de Paris<\/figcaption><\/figure>\n<h3>A 22 jours pr\u00e8s\u2026<\/h3>\n<p><em>\u00ab\u00a0Le 20 ao\u00fbt 1941 aurait pu \u00eatre un malentendu\u00a0\u00bb.<\/em><\/p>\n<p>Cette phrase a \u00e9t\u00e9 le d\u00e9clencheur de : <em>\u00c0 22 jours pr\u00e8s\u2026<\/em> qui retrace le destin de Joseph Cohen, consid\u00e9r\u00e9 comme juif en Turquie, turc \u00e0 l\u2019\u00e9tranger et apatride sous Vichy.<\/p>\n<p>Joseph Cohen quitte la Turquie en 1923 avec sa famille et s\u2019installe \u00e0 Paris dans le 11\u00e8me arrondissement o\u00f9 vit une importante communaut\u00e9 jud\u00e9o espagnole. Ce quartier constitue un p\u00f4le d\u2019attraction pour les immigrants de l\u2019Empire ottoman. Il se situe entre la place Voltaire, la rue de la Roquette et la rue Sedaine. Au 74 se trouve le caf\u00e9 restaurant \u00ab\u00a0le Bosphore\u00a0\u00bb o\u00f9\u00a0 les nouveaux arrivants y trouvent l\u2019entraide, le travail, ils y traitent aussi des affaires. L\u2019\u00e9picentre \u00e9tant la synagogue au 7 rue Popincourt. Ils \u00e9taient artisans et commer\u00e7ants, souvent sp\u00e9cialis\u00e9s dans la lingerie, bonneterie, blanc et linge de maison, mais aussi dans l\u2019alimentation.<\/p>\n<p>L\u2019orient \u00e9tait \u00e0 chaque coin de rue de ce quartier qu\u2019on surnommait \u00ab\u00a0la little Istanbul\u00a0\u00bb. Joseph tenait une \u00e9choppe de cordonnerie rue Richard Lenoir. La Turquie \u00e9tait au centre de leur vie\u00a0: ils mangeaient turc, \u00e9coutaient de la musique turque, tous leurs amis \u00e9taient turcs.<\/p>\n<p>L\u2019histoire de Joseph et de sa famille, d\u2019Istanbul \u00e0 Paris est riche en anecdotes pleines d\u2019humour et de fantaisie avant le 20 aout 1941, date o\u00f9 Joseph et nombre de ses amis ont \u00e9t\u00e9 arr\u00eat\u00e9s et envoy\u00e9s \u00e0 Drancy qui venait d\u2019ouvrir. La suite de son histoire est relat\u00e9e dans ses nombreuses lettres \u00e9crites \u00e0 sa femme de Drancy et par de nombreux t\u00e9moignages de rescap\u00e9s et d\u2019historiens.<\/p>\n<p>En octobre 1942, Joseph est d\u00e9port\u00e9 \u00e0 Auschwitz 3 (Blechhammer). Il survit \u00e0 la marche de la mort, mais meurt du Typhus 22 jours avant la lib\u00e9ration des camps. Sa famille est rest\u00e9e 63 ans sans conna\u00eetre son sort apr\u00e8s sa d\u00e9portation.<\/p>\n<p>Aujourd\u2019hui \u00ab\u00a0La little Istanbul\u00a0\u00bb revit de ses cendres gr\u00e2ce \u00e0 des associations comme AL SYETE (Association de d\u00e9fense du patrimoine jud\u00e9o turc du 11\u00e8me) qui perp\u00e9tue la culture jud\u00e9o espagnole en organisant des manifestations, des rencontres, des visites du 11\u00e8me arrondissement pour faire revivre cet esprit et cette culture. MUESTROS DEZAPARESIDOS (Nous les disparus) a pris ses quartiers au 7 rue Popincourt, \u00e0 l\u2019endroit o\u00f9 se trouvait l\u2019ancienne synagogue. Elle recense les d\u00e9port\u00e9s jud\u00e9o espagnols pour que la m\u00e9moire perdure.<\/p>\n<hr \/>\n<div class=\"wpforms-container wpforms-container-full\" id=\"wpforms-2604\"><form id=\"wpforms-form-2604\" class=\"wpforms-validate wpforms-form\" data-formid=\"2604\" method=\"post\" enctype=\"multipart\/form-data\" action=\"\/index.php?rest_route=%2Fwp%2Fv2%2Fposts%2F2600\" data-token=\"a4e00d25be62f28585b1b5a99159bf10\"><noscript class=\"wpforms-error-noscript\">Veuillez activer JavaScript dans votre navigateur pour remplir ce formulaire.<\/noscript><div class=\"wpforms-field-container\"><div id=\"wpforms-2604-field_2-container\" class=\"wpforms-field wpforms-field-textarea\" data-field-id=\"2\"><label class=\"wpforms-field-label\" for=\"wpforms-2604-field_2\">Vous souhaitez participer au financement du film ? Vous avez des \u00e9l\u00e9ments \u00e0 apporter \u00e0 ce r\u00e9cit ? Contactez l&#039;\u00e9quipe du film en \u00e9crivant votre message ici <span class=\"wpforms-required-label\">*<\/span><\/label><textarea id=\"wpforms-2604-field_2\" class=\"wpforms-field-medium wpforms-field-required\" name=\"wpforms[fields][2]\" required><\/textarea><\/div><div id=\"wpforms-2604-field_0-container\" class=\"wpforms-field wpforms-field-name\" data-field-id=\"0\"><label class=\"wpforms-field-label\" for=\"wpforms-2604-field_0\">Nom <span class=\"wpforms-required-label\">*<\/span><\/label><div class=\"wpforms-field-row wpforms-field-medium\"><div class=\"wpforms-field-row-block wpforms-first wpforms-one-half\"><input type=\"text\" id=\"wpforms-2604-field_0\" class=\"wpforms-field-name-first wpforms-field-required\" name=\"wpforms[fields][0][first]\" required><label for=\"wpforms-2604-field_0\" class=\"wpforms-field-sublabel after \">Pr\u00e9nom<\/label><\/div><div class=\"wpforms-field-row-block wpforms-one-half\"><input type=\"text\" id=\"wpforms-2604-field_0-last\" class=\"wpforms-field-name-last wpforms-field-required\" name=\"wpforms[fields][0][last]\" required><label for=\"wpforms-2604-field_0-last\" class=\"wpforms-field-sublabel after \">Nom<\/label><\/div><\/div><\/div><div id=\"wpforms-2604-field_1-container\" class=\"wpforms-field wpforms-field-email\" data-field-id=\"1\"><label class=\"wpforms-field-label\" for=\"wpforms-2604-field_1\">E-mail <span class=\"wpforms-required-label\">*<\/span><\/label><input type=\"email\" id=\"wpforms-2604-field_1\" class=\"wpforms-field-medium wpforms-field-required\" name=\"wpforms[fields][1]\" spellcheck=\"false\" required><\/div><div id=\"wpforms-2604-field_3-container\" class=\"wpforms-field wpforms-field-phone\" data-field-id=\"3\"><label class=\"wpforms-field-label\" for=\"wpforms-2604-field_3\">T\u00e9l\u00e9phone<\/label><input type=\"tel\" id=\"wpforms-2604-field_3\" class=\"wpforms-field-medium wpforms-smart-phone-field\" data-rule-smart-phone-field=\"true\" name=\"wpforms[fields][3]\" ><\/div><\/div><!-- .wpforms-field-container --><div class=\"wpforms-field wpforms-field-hp\"><label for=\"wpforms-2604-field-hp\" class=\"wpforms-field-label\">Name<\/label><input type=\"text\" name=\"wpforms[hp]\" id=\"wpforms-2604-field-hp\" class=\"wpforms-field-medium\"><\/div><div class=\"wpforms-submit-container\" ><input type=\"hidden\" name=\"wpforms[id]\" value=\"2604\"><input type=\"hidden\" name=\"wpforms[author]\" value=\"1\"><button type=\"submit\" name=\"wpforms[submit]\" id=\"wpforms-submit-2604\" class=\"wpforms-submit\" data-alt-text=\"Envoi...\" data-submit-text=\"Envoyer\" aria-live=\"assertive\" value=\"wpforms-submit\">Envoyer<\/button><\/div><\/form><\/div>  <!-- .wpforms-container -->\n","protected":false},"excerpt":{"rendered":"<p>Par Catherine Tullat et Michel Roszewitch Notre secr\u00e9taire Michel Roszewitch et sa cousine notre soci\u00e9taire Catherine Tullat,\u00a0r\u00e9alisatrice de documentaires, travaillent<\/p>\n","protected":false},"author":1,"featured_media":0,"comment_status":"open","ping_status":"open","sticky":false,"template":"","format":"standard","meta":{"_mi_skip_tracking":false,"_exactmetrics_sitenote_active":false,"_exactmetrics_sitenote_note":"","_exactmetrics_sitenote_category":0,"footnotes":""},"categories":[37],"tags":[78,40,50],"table_tags":[],"_links":{"self":[{"href":"https:\/\/aifonline.net\/index.php?rest_route=\/wp\/v2\/posts\/2600"}],"collection":[{"href":"https:\/\/aifonline.net\/index.php?rest_route=\/wp\/v2\/posts"}],"about":[{"href":"https:\/\/aifonline.net\/index.php?rest_route=\/wp\/v2\/types\/post"}],"author":[{"embeddable":true,"href":"https:\/\/aifonline.net\/index.php?rest_route=\/wp\/v2\/users\/1"}],"replies":[{"embeddable":true,"href":"https:\/\/aifonline.net\/index.php?rest_route=%2Fwp%2Fv2%2Fcomments&post=2600"}],"version-history":[{"count":11,"href":"https:\/\/aifonline.net\/index.php?rest_route=\/wp\/v2\/posts\/2600\/revisions"}],"predecessor-version":[{"id":2659,"href":"https:\/\/aifonline.net\/index.php?rest_route=\/wp\/v2\/posts\/2600\/revisions\/2659"}],"wp:attachment":[{"href":"https:\/\/aifonline.net\/index.php?rest_route=%2Fwp%2Fv2%2Fmedia&parent=2600"}],"wp:term":[{"taxonomy":"category","embeddable":true,"href":"https:\/\/aifonline.net\/index.php?rest_route=%2Fwp%2Fv2%2Fcategories&post=2600"},{"taxonomy":"post_tag","embeddable":true,"href":"https:\/\/aifonline.net\/index.php?rest_route=%2Fwp%2Fv2%2Ftags&post=2600"},{"taxonomy":"table_tags","embeddable":true,"href":"https:\/\/aifonline.net\/index.php?rest_route=%2Fwp%2Fv2%2Ftable_tags&post=2600"}],"curies":[{"name":"wp","href":"https:\/\/api.w.org\/{rel}","templated":true}]}}