{"id":2629,"date":"2021-12-17T13:10:13","date_gmt":"2021-12-17T12:10:13","guid":{"rendered":"http:\/\/aifonline.net\/?p=2629"},"modified":"2021-12-18T11:10:35","modified_gmt":"2021-12-18T10:10:35","slug":"livre-les-promises-par-jean-christophe-grange","status":"publish","type":"post","link":"https:\/\/aifonline.net\/?p=2629","title":{"rendered":"Livre : Les promises par Jean-Christophe Grang\u00e9\u00a0"},"content":{"rendered":"<p><em><strong>Les recommandations litt\u00e9raires de Sabine Strul<\/strong><\/em><\/p>\n<p>Le r\u00e9cit d\u00e9bute \u00e0 Berlin en 1939, quelques jours avant que l&#8217;Allemagne envahisse la Pologne, pr\u00e9lude \u00e0 la deuxi\u00e8me Guerre Mondiale.<br \/>\nAu c\u0153ur de la ville, on cherche un psychopathe qui tue &#8220;Les Promises&#8221;, des jeunes femmes en apparence belles et futiles, fr\u00e9quentant le m\u00eame Club, le m\u00eame psychanalyste et toutes mari\u00e9es \u00e0 des dignitaires ou des notables du monde nazi.<br \/>\nPour mener l&#8217;enqu\u00eate, <em>Franz Beewen<\/em> est d\u00e9sign\u00e9. Ex fermier, devenu officier de la Gestapo, c&#8217;est un \u00eatre violent, dangereux, incontr\u00f4lable mais pragmatique. Il fera \u00e9quipe &#8211; trio insolite &#8211; avec <em>Simon Kraus<\/em>, le tr\u00e8s beau et brillantissime psy et <em>Mina Von Hassel<\/em>, fille d&#8217;aristocrates, riche h\u00e9riti\u00e8re, premi\u00e8re allemande chef de service de l&#8217;Institut Blangbo, un asile o\u00f9 on laisse crever les malades mentaux, maillons faibles et bouches inutiles\u00a0qui co\u00fbtent cher \u00e0 l&#8217;Etat&#8230;<\/p>\n<p>Au-del\u00e0 du thriller, men\u00e9 &#8220;tambour battant&#8221;, l&#8217;originalit\u00e9 provient de la description de l&#8217;atmosph\u00e8re qui r\u00e8gne \u00e0 Berlin et ses territoires de terreur.<br \/>\nOn est plong\u00e9s dans la strat\u00e9gie du F\u00fchrer et de sa propagande avec la dynamique des &#8220;Lebensborn&#8221; (fontaine de vie); les asiles ; l&#8217;\u00e9limination pr\u00e9vue des Juifs mais aussi les camps de travail r\u00e9serv\u00e9s aux Tziganes&#8230;<br \/>\nJ&#8217;avoue avoir \u00e9t\u00e9 davantage int\u00e9ress\u00e9e par le c\u00f4t\u00e9 &#8220;historique&#8221; de ce roman, ax\u00e9 sur le Nazisme et les id\u00e9es re\u00e7ues que par le suspense qui reste n\u00e9anmoins tr\u00e8s efficace.<\/p>\n<p><img decoding=\"async\" loading=\"lazy\" class=\"aligncenter wp-image-2631\" src=\"https:\/\/aifonline.net\/wp-content\/uploads\/2021\/12\/les_promises.jpg\" alt=\"\" width=\"273\" height=\"400\" srcset=\"https:\/\/aifonline.net\/wp-content\/uploads\/2021\/12\/les_promises.jpg 341w, https:\/\/aifonline.net\/wp-content\/uploads\/2021\/12\/les_promises-205x300.jpg 205w\" sizes=\"(max-width: 273px) 100vw, 273px\" \/><\/p>\n<p><strong>Jean-Christophe Grang\u00e9<\/strong> (n\u00e9 \u00e0 Boulogne Billancourt en 1961) a \u00e9t\u00e9 journaliste, reporter international et sc\u00e9nariste de bandes dessin\u00e9es avant d&#8217;\u00e9crire son premier roman <em>Le vol des cigognes<\/em> (1994) que je vous recommande vivement.<\/p>\n<p>A lire aussi <em>Les Rivi\u00e8res pourpres<\/em>, <em>Le Concile de pierre<\/em> et <em>Lontano<\/em>.<\/p>\n<p><em>Les Promises<\/em> de Jean-Christophe Grang\u00e9<br \/>\nEdition Albin Michel &#8211; 652 pages &#8211; Parution septembre 2021 &#8211; 23.90\u20ac<\/p>\n","protected":false},"excerpt":{"rendered":"<p>Les recommandations litt\u00e9raires de Sabine Strul Le r\u00e9cit d\u00e9bute \u00e0 Berlin en 1939, quelques jours avant que l&#8217;Allemagne envahisse la<\/p>\n","protected":false},"author":1,"featured_media":0,"comment_status":"open","ping_status":"open","sticky":false,"template":"","format":"standard","meta":{"_mi_skip_tracking":false,"_exactmetrics_sitenote_active":false,"_exactmetrics_sitenote_note":"","_exactmetrics_sitenote_category":0,"footnotes":""},"categories":[36],"tags":[35],"table_tags":[],"_links":{"self":[{"href":"https:\/\/aifonline.net\/index.php?rest_route=\/wp\/v2\/posts\/2629"}],"collection":[{"href":"https:\/\/aifonline.net\/index.php?rest_route=\/wp\/v2\/posts"}],"about":[{"href":"https:\/\/aifonline.net\/index.php?rest_route=\/wp\/v2\/types\/post"}],"author":[{"embeddable":true,"href":"https:\/\/aifonline.net\/index.php?rest_route=\/wp\/v2\/users\/1"}],"replies":[{"embeddable":true,"href":"https:\/\/aifonline.net\/index.php?rest_route=%2Fwp%2Fv2%2Fcomments&post=2629"}],"version-history":[{"count":6,"href":"https:\/\/aifonline.net\/index.php?rest_route=\/wp\/v2\/posts\/2629\/revisions"}],"predecessor-version":[{"id":2664,"href":"https:\/\/aifonline.net\/index.php?rest_route=\/wp\/v2\/posts\/2629\/revisions\/2664"}],"wp:attachment":[{"href":"https:\/\/aifonline.net\/index.php?rest_route=%2Fwp%2Fv2%2Fmedia&parent=2629"}],"wp:term":[{"taxonomy":"category","embeddable":true,"href":"https:\/\/aifonline.net\/index.php?rest_route=%2Fwp%2Fv2%2Fcategories&post=2629"},{"taxonomy":"post_tag","embeddable":true,"href":"https:\/\/aifonline.net\/index.php?rest_route=%2Fwp%2Fv2%2Ftags&post=2629"},{"taxonomy":"table_tags","embeddable":true,"href":"https:\/\/aifonline.net\/index.php?rest_route=%2Fwp%2Fv2%2Ftable_tags&post=2629"}],"curies":[{"name":"wp","href":"https:\/\/api.w.org\/{rel}","templated":true}]}}