{"id":2667,"date":"2021-12-24T08:59:55","date_gmt":"2021-12-24T07:59:55","guid":{"rendered":"http:\/\/aifonline.net\/?p=2667"},"modified":"2022-01-12T13:13:39","modified_gmt":"2022-01-12T12:13:39","slug":"carnet-madeleine-bergfraing-fete-ses-101-ans","status":"publish","type":"post","link":"https:\/\/aifonline.net\/?p=2667","title":{"rendered":"Carnet : Madeleine Bergfraind f\u00eate ses 101 ans !"},"content":{"rendered":"<p><em><strong>Par Alain Kaminski<\/strong><\/em><\/p>\n<p>Nous avons toujours une pens\u00e9e pour Madeleine Bergfraind, notre doyenne qui vient de f\u00eater ses 101 ans.<br \/>\nLa crise sanitaire ne me permet malheureusement pas de lui rendre visite r\u00e9guli\u00e8rement avec une bo\u00eete de chocolats comme je le faisais il y a encore trois ans pour lui raconter mon voyage \u00e0 Budapest, sa ville natale.<br \/>\nNous lui souhaitons longue vie, et \u00e0 tr\u00e8s bient\u00f4t Madeleine.<\/p>\n<figure id=\"attachment_2668\" aria-describedby=\"caption-attachment-2668\" style=\"width: 533px\" class=\"wp-caption aligncenter\"><img decoding=\"async\" loading=\"lazy\" class=\"wp-image-2668\" src=\"https:\/\/aifonline.net\/wp-content\/uploads\/2021\/12\/20211221_1546191.jpg\" alt=\"\" width=\"533\" height=\"400\" srcset=\"https:\/\/aifonline.net\/wp-content\/uploads\/2021\/12\/20211221_1546191.jpg 640w, https:\/\/aifonline.net\/wp-content\/uploads\/2021\/12\/20211221_1546191-300x225.jpg 300w, https:\/\/aifonline.net\/wp-content\/uploads\/2021\/12\/20211221_1546191-600x450.jpg 600w\" sizes=\"(max-width: 533px) 100vw, 533px\" \/><figcaption id=\"caption-attachment-2668\" class=\"wp-caption-text\">Madeleine Bergfraind f\u00eate ses 101 ans !<\/figcaption><\/figure>\n","protected":false},"excerpt":{"rendered":"<p>Par Alain Kaminski Nous avons toujours une pens\u00e9e pour Madeleine Bergfraind, notre doyenne qui vient de f\u00eater ses 101 ans.<\/p>\n","protected":false},"author":1,"featured_media":0,"comment_status":"open","ping_status":"open","sticky":false,"template":"","format":"standard","meta":{"_mi_skip_tracking":false,"_exactmetrics_sitenote_active":false,"_exactmetrics_sitenote_note":"","_exactmetrics_sitenote_category":0,"footnotes":""},"categories":[69],"tags":[88,89],"table_tags":[],"_links":{"self":[{"href":"https:\/\/aifonline.net\/index.php?rest_route=\/wp\/v2\/posts\/2667"}],"collection":[{"href":"https:\/\/aifonline.net\/index.php?rest_route=\/wp\/v2\/posts"}],"about":[{"href":"https:\/\/aifonline.net\/index.php?rest_route=\/wp\/v2\/types\/post"}],"author":[{"embeddable":true,"href":"https:\/\/aifonline.net\/index.php?rest_route=\/wp\/v2\/users\/1"}],"replies":[{"embeddable":true,"href":"https:\/\/aifonline.net\/index.php?rest_route=%2Fwp%2Fv2%2Fcomments&post=2667"}],"version-history":[{"count":5,"href":"https:\/\/aifonline.net\/index.php?rest_route=\/wp\/v2\/posts\/2667\/revisions"}],"predecessor-version":[{"id":2699,"href":"https:\/\/aifonline.net\/index.php?rest_route=\/wp\/v2\/posts\/2667\/revisions\/2699"}],"wp:attachment":[{"href":"https:\/\/aifonline.net\/index.php?rest_route=%2Fwp%2Fv2%2Fmedia&parent=2667"}],"wp:term":[{"taxonomy":"category","embeddable":true,"href":"https:\/\/aifonline.net\/index.php?rest_route=%2Fwp%2Fv2%2Fcategories&post=2667"},{"taxonomy":"post_tag","embeddable":true,"href":"https:\/\/aifonline.net\/index.php?rest_route=%2Fwp%2Fv2%2Ftags&post=2667"},{"taxonomy":"table_tags","embeddable":true,"href":"https:\/\/aifonline.net\/index.php?rest_route=%2Fwp%2Fv2%2Ftable_tags&post=2667"}],"curies":[{"name":"wp","href":"https:\/\/api.w.org\/{rel}","templated":true}]}}