{"id":2674,"date":"2022-01-13T07:27:38","date_gmt":"2022-01-13T06:27:38","guid":{"rendered":"http:\/\/aifonline.net\/?p=2674"},"modified":"2022-01-13T07:28:55","modified_gmt":"2022-01-13T06:28:55","slug":"les-patronymes-rosa-rosa-rosam-rosae-rosae-rosa","status":"publish","type":"post","link":"https:\/\/aifonline.net\/?p=2674","title":{"rendered":"Les patronymes : Rosa rosa rosam rosae rosae rosa"},"content":{"rendered":"<p><em><strong>Par Alain Kaminski<\/strong><\/em><\/p>\n<p>Mais qui m\u2019aurait dit que mes profs de latin du lyc\u00e9e Jacques-Decour \u00e0 Paris me rappelleraient aujourd\u2019hui tous ces noms attach\u00e9s \u00e0 la rose, en yiddish, \u00e0 travers toute la Pologne\u00a0? Les plus fr\u00e9quents bien s\u00fbr sont les <strong>Rosenbaum<\/strong> ou <strong>Rozenbaum<\/strong> avec le suffixe Baum qui signifie l\u2019arbre.<br \/>\nMais pr\u00e9cisons qu\u2019ils sont nombreux avec mon cher cousin Jacques <strong>Rozen<\/strong>, mais aussi <strong>Rosenthal<\/strong> la vall\u00e9e, <strong>Rozenblum<\/strong> la fleur, <strong>Rosenstern<\/strong> l\u2019\u00e9toile de rose, <strong>Rosenblatt<\/strong> la feuille, <strong>Rozencwejg<\/strong> plut\u00f4t que <strong>Rosencwejg<\/strong> la branche, <strong>Rosenkrantz<\/strong> la couronne, <strong>Rosenfarb<\/strong> la couleur, <strong>Rosenwald<\/strong> la for\u00eat, <strong>Rosenfeld<\/strong> parfois <strong>Rozenfeld<\/strong> le champ, <strong>Rosenberg<\/strong> ou plus souvent <strong>Rozenberg<\/strong> la montagne, <strong>Rosenbacher<\/strong> le torrent, <strong>Rosenheim<\/strong> la maison, <strong>Rosendorn<\/strong> l\u2019\u00e9pine, <strong>Rosengarten<\/strong> le jardin, <strong>Rosenbuch<\/strong> le buisson, <strong>Rozenrayk<\/strong> le parfum de rose, et bien d\u2019autres encore sans oublier <strong>Rosenwasser<\/strong>, l\u2019eau de rose. Rassurez-vous, je n\u2019ai pas oubli\u00e9 les matzot <strong>Rosinski<\/strong>, le suffixe ski, en provenance, est \u00e0 la rose ce que <strong>Krakowski<\/strong> est \u00e0 Cracovie.<br \/>\nMon clin d\u2019\u0153il se fera en intermittence de mes deux yeux, le premier \u00e0 mon ami Michel <strong>Roszewitch<\/strong>, et si accent aigu sur le o vous prononcerez \u00ab\u00a0<strong>Rouszewitch<\/strong>\u00a0\u00bb et dont le suffixe vitch est le fils et l\u2019autre pour mon premier professeur de latin, Monsieur Collignon, qui avait commenc\u00e9 l\u2019ann\u00e9e avec cette rose et que je d\u00e9cline aujourd\u2019hui au pluriel car sauvegarder mon yiddish ne saurait pour autant me faire perdre mon latin.<br \/>\nRosae rosae rosas rosarum rosis rosis\u00a0!<\/p>\n<p><em>Publi\u00e9 dans Actualit\u00e9 Juive n\u00b01623<\/em><\/p>\n","protected":false},"excerpt":{"rendered":"<p>Par Alain Kaminski Mais qui m\u2019aurait dit que mes profs de latin du lyc\u00e9e Jacques-Decour \u00e0 Paris me rappelleraient aujourd\u2019hui<\/p>\n","protected":false},"author":1,"featured_media":0,"comment_status":"open","ping_status":"open","sticky":false,"template":"","format":"standard","meta":{"_mi_skip_tracking":false,"_exactmetrics_sitenote_active":false,"_exactmetrics_sitenote_note":"","_exactmetrics_sitenote_category":0,"footnotes":""},"categories":[79],"tags":[50,30],"table_tags":[],"_links":{"self":[{"href":"https:\/\/aifonline.net\/index.php?rest_route=\/wp\/v2\/posts\/2674"}],"collection":[{"href":"https:\/\/aifonline.net\/index.php?rest_route=\/wp\/v2\/posts"}],"about":[{"href":"https:\/\/aifonline.net\/index.php?rest_route=\/wp\/v2\/types\/post"}],"author":[{"embeddable":true,"href":"https:\/\/aifonline.net\/index.php?rest_route=\/wp\/v2\/users\/1"}],"replies":[{"embeddable":true,"href":"https:\/\/aifonline.net\/index.php?rest_route=%2Fwp%2Fv2%2Fcomments&post=2674"}],"version-history":[{"count":2,"href":"https:\/\/aifonline.net\/index.php?rest_route=\/wp\/v2\/posts\/2674\/revisions"}],"predecessor-version":[{"id":2678,"href":"https:\/\/aifonline.net\/index.php?rest_route=\/wp\/v2\/posts\/2674\/revisions\/2678"}],"wp:attachment":[{"href":"https:\/\/aifonline.net\/index.php?rest_route=%2Fwp%2Fv2%2Fmedia&parent=2674"}],"wp:term":[{"taxonomy":"category","embeddable":true,"href":"https:\/\/aifonline.net\/index.php?rest_route=%2Fwp%2Fv2%2Fcategories&post=2674"},{"taxonomy":"post_tag","embeddable":true,"href":"https:\/\/aifonline.net\/index.php?rest_route=%2Fwp%2Fv2%2Ftags&post=2674"},{"taxonomy":"table_tags","embeddable":true,"href":"https:\/\/aifonline.net\/index.php?rest_route=%2Fwp%2Fv2%2Ftable_tags&post=2674"}],"curies":[{"name":"wp","href":"https:\/\/api.w.org\/{rel}","templated":true}]}}