{"id":2691,"date":"2022-01-13T07:28:13","date_gmt":"2022-01-13T06:28:13","guid":{"rendered":"http:\/\/aifonline.net\/?p=2691"},"modified":"2022-01-13T07:37:53","modified_gmt":"2022-01-13T06:37:53","slug":"portrait-antoine-strul-1923-1989","status":"publish","type":"post","link":"https:\/\/aifonline.net\/?p=2691","title":{"rendered":"Portrait : Antoine Strul (1923-1989)"},"content":{"rendered":"<p><em><strong>Par Sabine Strul<\/strong><\/em><\/p>\n<figure id=\"attachment_2700\" aria-describedby=\"caption-attachment-2700\" style=\"width: 266px\" class=\"wp-caption aligncenter\"><img decoding=\"async\" loading=\"lazy\" class=\"wp-image-2700\" src=\"https:\/\/aifonline.net\/wp-content\/uploads\/2022\/01\/antoine_Strul_caporal1946.jpg\" alt=\"\" width=\"266\" height=\"400\" srcset=\"https:\/\/aifonline.net\/wp-content\/uploads\/2022\/01\/antoine_Strul_caporal1946.jpg 665w, https:\/\/aifonline.net\/wp-content\/uploads\/2022\/01\/antoine_Strul_caporal1946-200x300.jpg 200w\" sizes=\"(max-width: 266px) 100vw, 266px\" \/><figcaption id=\"caption-attachment-2700\" class=\"wp-caption-text\">Caporal-chef Antoine Strul, durant son service militaire en 1946.<\/figcaption><\/figure>\n<p>Les premi\u00e8res images de mon p\u00e8re, qui me reviennent&#8230; ce sont des images de bonheur, aupr\u00e8s de ma m\u00e8re Annette, qu&#8217;il aimait prendre dans ses bras, pour danser le tango ou le paso ou tourbillonner au son d&#8217;une valse. L\u00e0, il \u00e9tait parfaitement heureux, insouciant.<\/p>\n<figure id=\"attachment_2697\" aria-describedby=\"caption-attachment-2697\" style=\"width: 275px\" class=\"wp-caption aligncenter\"><img decoding=\"async\" loading=\"lazy\" class=\"wp-image-2697\" src=\"https:\/\/aifonline.net\/wp-content\/uploads\/2022\/01\/antoine_annette_strul2-704x1024.jpg\" alt=\"\" width=\"275\" height=\"400\" srcset=\"https:\/\/aifonline.net\/wp-content\/uploads\/2022\/01\/antoine_annette_strul2-704x1024.jpg 704w, https:\/\/aifonline.net\/wp-content\/uploads\/2022\/01\/antoine_annette_strul2-206x300.jpg 206w, https:\/\/aifonline.net\/wp-content\/uploads\/2022\/01\/antoine_annette_strul2-768x1118.jpg 768w, https:\/\/aifonline.net\/wp-content\/uploads\/2022\/01\/antoine_annette_strul2.jpg 883w\" sizes=\"(max-width: 275px) 100vw, 275px\" \/><figcaption id=\"caption-attachment-2697\" class=\"wp-caption-text\">Antoine et Annette Strul dansant le paso doble, ann\u00e9es 1970<\/figcaption><\/figure>\n<p>Quand un ami lui a pr\u00e9sent\u00e9, au d\u00e9but des ann\u00e9es 50, une belle &#8220;rousse&#8221; \u00e0 la terrasse d&#8217;un caf\u00e9, mon p\u00e8re a eu un v\u00e9ritable coup de foudre ; il savait qu&#8217;elle serait la femme de sa vie.<br \/>\nPendant pr\u00e8s de trente sept ans, il est rest\u00e9 tr\u00e8s amoureux et &#8220;aux petits soins&#8221; pour sa femme.<\/p>\n<figure id=\"attachment_2693\" aria-describedby=\"caption-attachment-2693\" style=\"width: 556px\" class=\"wp-caption aligncenter\"><img decoding=\"async\" loading=\"lazy\" class=\"wp-image-2693\" src=\"https:\/\/aifonline.net\/wp-content\/uploads\/2022\/01\/antoine_strul.jpg\" alt=\"\" width=\"556\" height=\"400\" srcset=\"https:\/\/aifonline.net\/wp-content\/uploads\/2022\/01\/antoine_strul.jpg 1000w, https:\/\/aifonline.net\/wp-content\/uploads\/2022\/01\/antoine_strul-300x216.jpg 300w, https:\/\/aifonline.net\/wp-content\/uploads\/2022\/01\/antoine_strul-768x553.jpg 768w\" sizes=\"(max-width: 556px) 100vw, 556px\" \/><figcaption id=\"caption-attachment-2693\" class=\"wp-caption-text\">Antoine et Annette Strul\u00a0en juillet 1979, lors du mariage de leur fille Brigitte Strul<\/figcaption><\/figure>\n<p>Je me souviens aussi d&#8217;un p\u00e8re tr\u00e8s attentif envers ses trois filles, son petit &#8220;harem&#8221;. Il \u00e9manait de lui une autorit\u00e9 naturelle qui s&#8217;exprimait par le regard avant d&#8217;\u00eatre transcrite par des mots. Dans notre enfance, il suffisait que notre m\u00e8re nous dise : &#8220;papa arrive&#8221; pour que tout chahut cesse.<br \/>\nIl \u00e9tait tr\u00e8s pr\u00e9sent dans notre \u00e9ducation ; \u00e0 l&#8217;\u00e9coute ; nous aidant \u00e0 faire et \u00e0 comprendre nos devoirs ; veillant aussi \u00e0 nous conseiller et nous transmettre des valeurs de respect, de justice et de tol\u00e9rance.<br \/>\nC&#8217;\u00e9tait un autodidacte. Il regrettait tellement de ne pas\u00a0avoir pu\u00a0faire des \u00e9tudes ! Il \u00e9crivait facilement et merveilleusement bien, amoureux de la langue fran\u00e7aise et de l&#8217;Histoire de France,\u00a0ce qui ne l&#8217;emp\u00eachait pas de rester attach\u00e9 \u00e0 ses origines roumaines.<\/p>\n<figure id=\"attachment_2703\" aria-describedby=\"caption-attachment-2703\" style=\"width: 376px\" class=\"wp-caption aligncenter\"><img decoding=\"async\" loading=\"lazy\" class=\"wp-image-2703\" src=\"https:\/\/aifonline.net\/wp-content\/uploads\/2020\/01\/antoine_strul_annees70.jpg\" alt=\"\" width=\"376\" height=\"400\" srcset=\"https:\/\/aifonline.net\/wp-content\/uploads\/2020\/01\/antoine_strul_annees70.jpg 941w, https:\/\/aifonline.net\/wp-content\/uploads\/2020\/01\/antoine_strul_annees70-282x300.jpg 282w, https:\/\/aifonline.net\/wp-content\/uploads\/2020\/01\/antoine_strul_annees70-768x816.jpg 768w\" sizes=\"(max-width: 376px) 100vw, 376px\" \/><figcaption id=\"caption-attachment-2703\" class=\"wp-caption-text\">Antoine Strul dans les ann\u00e9es 1970<\/figcaption><\/figure>\n<p>Il \u00e9tait aussi un tr\u00e8s bon fils, toujours tr\u00e8s attentionn\u00e9 envers sa m\u00e8re &#8211; veuve tr\u00e8s jeune &#8211; qu&#8217;il avait install\u00e9e dans un petit appartement, \u00e0 proximit\u00e9 de chez nous.\u00a0Chaque dimanche, il allait la chercher &#8211; ainsi que sa belle-m\u00e8re et son beau-p\u00e8re &#8211; pour un d\u00e9jeuner familial \u00e0 la maison ou au restaurant. Un grand sens de la famille, donc.<\/p>\n<p>Et l&#8217;homme ? Mon p\u00e8re est n\u00e9 le 23 juillet 1923 \u00e0 Piatra en Roumanie.<br \/>\nTout petit, il est arriv\u00e9 \u00e0 Paris avec ses parents, Samuel et D\u00e9borah, et son fr\u00e8re a\u00een\u00e9 Robert.<br \/>\nNaturalis\u00e9s Fran\u00e7ais en d\u00e9cembre 1938, mon grand-p\u00e8re, mon oncle et mon p\u00e8re ont \u00e9t\u00e9 emmen\u00e9s \u00e0 Drancy.<br \/>\nSeul, mon p\u00e8re &#8211; miraculeusement et gr\u00e2ce \u00e0 la Croix-Rouge ! &#8211; rentrera \u00e0 Paris&#8230; avant de repartir tr\u00e8s tr\u00e8s vite, en zone libre, \u00e0 Brive-La-Gaillarde, o\u00f9 il deviendra comptable.<br \/>\nMon grand-p\u00e8re et mon oncle ne reviendront pas d&#8217;Auschwitz&#8230;<br \/>\nA la fin de la guerre, de retour \u00e0 Paris, mon p\u00e8re a repris\u00a0le m\u00e9tier de son p\u00e8re : tailleur et, apr\u00e8s avoir travaill\u00e9\u00a0&#8220;en appartement&#8221;, il a pris la g\u00e9rance d&#8217;une boutique pour Hommes, lui, s&#8217;occupant du &#8220;Sur mesure&#8221; et ma m\u00e8re, de toute la partie &#8220;Confection&#8221;.<\/p>\n<p>Difficile\u00a0pour moi de r\u00e9sumer en quelques lignes la forte personnalit\u00e9 de mon p\u00e8re que j&#8217;ai tant aim\u00e9 et mis sur un pi\u00e9destal mais je vais essayer, le plus objectivement possible.<\/p>\n<p>Avec son sourire charmeur, c&#8217;\u00e9tait un homme chaleureux, intelligent, enthousiaste, positif, avec toujours plein de projets&#8230; tr\u00e8s fid\u00e8le en amiti\u00e9, avec une grande g\u00e9n\u00e9rosit\u00e9 et une disponibilit\u00e9 in\u00e9puisable.<br \/>\nJ&#8217;ai retrouv\u00e9 r\u00e9cemment des cartes mentionnant qu&#8217;il \u00e9tait membre actif de la ligue internationale contre le racisme et l&#8217;antis\u00e9mitisme, depuis 1945.\u00a0Il \u00e9tait aussi impliqu\u00e9 \u00e0 &#8220;L&#8217;Amicale des Originaires de Roumanie&#8221; (AOR &#8211;\u00a0pr\u00e9sid\u00e9e\u00a0par M. Armand Moscovici), association qui aidait les gens, sur le plan social et sanitaire.<\/p>\n<figure id=\"attachment_2696\" aria-describedby=\"caption-attachment-2696\" style=\"width: 358px\" class=\"wp-caption aligncenter\"><img decoding=\"async\" loading=\"lazy\" class=\"wp-image-2696\" src=\"https:\/\/aifonline.net\/wp-content\/uploads\/2022\/01\/Antoine_Strul_1980-916x1024.jpg\" alt=\"\" width=\"358\" height=\"400\" srcset=\"https:\/\/aifonline.net\/wp-content\/uploads\/2022\/01\/Antoine_Strul_1980-916x1024.jpg 916w, https:\/\/aifonline.net\/wp-content\/uploads\/2022\/01\/Antoine_Strul_1980-268x300.jpg 268w, https:\/\/aifonline.net\/wp-content\/uploads\/2022\/01\/Antoine_Strul_1980-768x859.jpg 768w, https:\/\/aifonline.net\/wp-content\/uploads\/2022\/01\/Antoine_Strul_1980.jpg 958w\" sizes=\"(max-width: 358px) 100vw, 358px\" \/><figcaption id=\"caption-attachment-2696\" class=\"wp-caption-text\">Antoine Strul en 1980<\/figcaption><\/figure>\n<p>Mon p\u00e8re nous a quitt\u00e9s il y a 32 ans, alors qu&#8217;il n&#8217;avait que 66 ans.<br \/>\nIl n&#8217;a pas connu tous ses petits-enfants et encore moins ses 8 arri\u00e8res petits-enfants&#8230; Il aurait \u00e9t\u00e9 un grand-p\u00e8re et un arri\u00e8re grand-p\u00e8re formidable !<br \/>\nIl nous a laiss\u00e9es, ma m\u00e8re, mes deux s\u0153urs Brigitte et Fran\u00e7oise et moi, dans un vide immense et un chagrin, qui paraissait insurmontable.<br \/>\n&#8220;Tout fuit, tout passe, l&#8217;espace efface le bruit &#8221; disait Victor Hugo ; mais malgr\u00e9 toutes les ann\u00e9es&#8230; une certaine douleur est rest\u00e9e. Pas une journ\u00e9e sans penser, non seulement \u00e0 mon p\u00e8re, mais aussi \u00e0 ma m\u00e8re, partie depuis bient\u00f4t 4 ans.<br \/>\nToujours tr\u00e8s pr\u00e9sents, j&#8217;ose imaginer que de l\u00e0 o\u00f9 ils sont, ensemble, mes parents continuent de nous guider, nous sourire et nous aimer.<\/p>\n","protected":false},"excerpt":{"rendered":"<p>Par Sabine Strul Les premi\u00e8res images de mon p\u00e8re, qui me reviennent&#8230; ce sont des images de bonheur, aupr\u00e8s de<\/p>\n","protected":false},"author":1,"featured_media":0,"comment_status":"open","ping_status":"open","sticky":false,"template":"","format":"standard","meta":{"_mi_skip_tracking":false,"_exactmetrics_sitenote_active":false,"_exactmetrics_sitenote_note":"","_exactmetrics_sitenote_category":0,"footnotes":""},"categories":[84],"tags":[78,65,89],"table_tags":[],"_links":{"self":[{"href":"https:\/\/aifonline.net\/index.php?rest_route=\/wp\/v2\/posts\/2691"}],"collection":[{"href":"https:\/\/aifonline.net\/index.php?rest_route=\/wp\/v2\/posts"}],"about":[{"href":"https:\/\/aifonline.net\/index.php?rest_route=\/wp\/v2\/types\/post"}],"author":[{"embeddable":true,"href":"https:\/\/aifonline.net\/index.php?rest_route=\/wp\/v2\/users\/1"}],"replies":[{"embeddable":true,"href":"https:\/\/aifonline.net\/index.php?rest_route=%2Fwp%2Fv2%2Fcomments&post=2691"}],"version-history":[{"count":12,"href":"https:\/\/aifonline.net\/index.php?rest_route=\/wp\/v2\/posts\/2691\/revisions"}],"predecessor-version":[{"id":2721,"href":"https:\/\/aifonline.net\/index.php?rest_route=\/wp\/v2\/posts\/2691\/revisions\/2721"}],"wp:attachment":[{"href":"https:\/\/aifonline.net\/index.php?rest_route=%2Fwp%2Fv2%2Fmedia&parent=2691"}],"wp:term":[{"taxonomy":"category","embeddable":true,"href":"https:\/\/aifonline.net\/index.php?rest_route=%2Fwp%2Fv2%2Fcategories&post=2691"},{"taxonomy":"post_tag","embeddable":true,"href":"https:\/\/aifonline.net\/index.php?rest_route=%2Fwp%2Fv2%2Ftags&post=2691"},{"taxonomy":"table_tags","embeddable":true,"href":"https:\/\/aifonline.net\/index.php?rest_route=%2Fwp%2Fv2%2Ftable_tags&post=2691"}],"curies":[{"name":"wp","href":"https:\/\/api.w.org\/{rel}","templated":true}]}}