{"id":2738,"date":"2020-01-12T13:25:22","date_gmt":"2020-01-12T12:25:22","guid":{"rendered":"http:\/\/aifonline.net\/?p=2738"},"modified":"2022-01-12T13:31:58","modified_gmt":"2022-01-12T12:31:58","slug":"portrait-joseph-cohen-19xx-1945","status":"publish","type":"post","link":"https:\/\/aifonline.net\/?p=2738","title":{"rendered":"Portrait : Joseph Cohen (19XX-1945)"},"content":{"rendered":"<p><strong><em>Par Catherine Tullat et Michel Roszewitch<\/em><\/strong><\/p>\n<figure id=\"attachment_2601\" aria-describedby=\"caption-attachment-2601\" style=\"width: 269px\" class=\"wp-caption aligncenter\"><img decoding=\"async\" loading=\"lazy\" class=\"size-full wp-image-2601\" src=\"https:\/\/aifonline.net\/wp-content\/uploads\/2021\/12\/joseph_cohen.jpg\" alt=\"\" width=\"269\" height=\"432\" srcset=\"https:\/\/aifonline.net\/wp-content\/uploads\/2021\/12\/joseph_cohen.jpg 269w, https:\/\/aifonline.net\/wp-content\/uploads\/2021\/12\/joseph_cohen-187x300.jpg 187w\" sizes=\"(max-width: 269px) 100vw, 269px\" \/><figcaption id=\"caption-attachment-2601\" class=\"wp-caption-text\">Joseph Cohen devant sa boutique dans le 11\u00e8me arrondissement de Paris<\/figcaption><\/figure>\n<p><span style=\"font-size: 1.125rem;\">Le destin de Joseph Cohen, consid\u00e9r\u00e9 comme juif en Turquie, turc \u00e0 l\u2019\u00e9tranger et apatride sous Vichy.<\/span><\/p>\n<p>Joseph Cohen quitte la Turquie en 1923 avec sa famille et s\u2019installe \u00e0 Paris dans le 11\u00e8me arrondissement o\u00f9 vit une importante communaut\u00e9 jud\u00e9o espagnole. Ce quartier constitue un p\u00f4le d\u2019attraction pour les immigrants de l\u2019Empire ottoman. Il se situe entre la place Voltaire, la rue de la Roquette et la rue Sedaine. Au 74 se trouve le caf\u00e9 restaurant \u00ab\u00a0le Bosphore\u00a0\u00bb o\u00f9\u00a0 les nouveaux arrivants y trouvent l\u2019entraide, le travail, ils y traitent aussi des affaires. L\u2019\u00e9picentre \u00e9tant la synagogue au 7 rue Popincourt. Ils \u00e9taient artisans et commer\u00e7ants, souvent sp\u00e9cialis\u00e9s dans la lingerie, bonneterie, blanc et linge de maison, mais aussi dans l\u2019alimentation.<\/p>\n<p>L\u2019orient \u00e9tait \u00e0 chaque coin de rue de ce quartier qu\u2019on surnommait \u00ab\u00a0la little Istanbul\u00a0\u00bb. Joseph tenait une \u00e9choppe de cordonnerie rue Richard Lenoir. La Turquie \u00e9tait au centre de leur vie\u00a0: ils mangeaient turc, \u00e9coutaient de la musique turque, tous leurs amis \u00e9taient turcs.<\/p>\n<p>L\u2019histoire de Joseph et de sa famille, d\u2019Istanbul \u00e0 Paris est riche en anecdotes pleines d\u2019humour et de fantaisie avant le 20 ao\u00fbt 1941, date o\u00f9 Joseph et nombre de ses amis ont \u00e9t\u00e9 arr\u00eat\u00e9s et envoy\u00e9s \u00e0 Drancy qui venait d\u2019ouvrir. La suite de son histoire est relat\u00e9e dans ses nombreuses lettres \u00e9crites \u00e0 sa femme de Drancy et par de nombreux t\u00e9moignages de rescap\u00e9s et d\u2019historiens.<\/p>\n<p>En octobre 1942, Joseph est d\u00e9port\u00e9 \u00e0 Auschwitz 3 (Blechhammer). Il survit \u00e0 la marche de la mort, mais meurt du Typhus 22 jours avant la lib\u00e9ration des camps. Sa famille est rest\u00e9e 63 ans sans conna\u00eetre son sort apr\u00e8s sa d\u00e9portation.<\/p>\n","protected":false},"excerpt":{"rendered":"<p>Par Catherine Tullat et Michel Roszewitch Le destin de Joseph Cohen, consid\u00e9r\u00e9 comme juif en Turquie, turc \u00e0 l\u2019\u00e9tranger et<\/p>\n","protected":false},"author":1,"featured_media":0,"comment_status":"open","ping_status":"open","sticky":false,"template":"","format":"standard","meta":{"_mi_skip_tracking":false,"_exactmetrics_sitenote_active":false,"_exactmetrics_sitenote_note":"","_exactmetrics_sitenote_category":0,"footnotes":""},"categories":[1],"tags":[78,65,50],"table_tags":[],"_links":{"self":[{"href":"https:\/\/aifonline.net\/index.php?rest_route=\/wp\/v2\/posts\/2738"}],"collection":[{"href":"https:\/\/aifonline.net\/index.php?rest_route=\/wp\/v2\/posts"}],"about":[{"href":"https:\/\/aifonline.net\/index.php?rest_route=\/wp\/v2\/types\/post"}],"author":[{"embeddable":true,"href":"https:\/\/aifonline.net\/index.php?rest_route=\/wp\/v2\/users\/1"}],"replies":[{"embeddable":true,"href":"https:\/\/aifonline.net\/index.php?rest_route=%2Fwp%2Fv2%2Fcomments&post=2738"}],"version-history":[{"count":3,"href":"https:\/\/aifonline.net\/index.php?rest_route=\/wp\/v2\/posts\/2738\/revisions"}],"predecessor-version":[{"id":2741,"href":"https:\/\/aifonline.net\/index.php?rest_route=\/wp\/v2\/posts\/2738\/revisions\/2741"}],"wp:attachment":[{"href":"https:\/\/aifonline.net\/index.php?rest_route=%2Fwp%2Fv2%2Fmedia&parent=2738"}],"wp:term":[{"taxonomy":"category","embeddable":true,"href":"https:\/\/aifonline.net\/index.php?rest_route=%2Fwp%2Fv2%2Fcategories&post=2738"},{"taxonomy":"post_tag","embeddable":true,"href":"https:\/\/aifonline.net\/index.php?rest_route=%2Fwp%2Fv2%2Ftags&post=2738"},{"taxonomy":"table_tags","embeddable":true,"href":"https:\/\/aifonline.net\/index.php?rest_route=%2Fwp%2Fv2%2Ftable_tags&post=2738"}],"curies":[{"name":"wp","href":"https:\/\/api.w.org\/{rel}","templated":true}]}}