{"id":2766,"date":"2022-01-15T14:36:07","date_gmt":"2022-01-15T13:36:07","guid":{"rendered":"http:\/\/aifonline.net\/?p=2766"},"modified":"2022-01-16T14:43:01","modified_gmt":"2022-01-16T13:43:01","slug":"champ-libre-albert-einstein-et-le-judaisme","status":"publish","type":"post","link":"https:\/\/aifonline.net\/?p=2766","title":{"rendered":"Champ libre : Albert Einstein et le juda\u00efsme"},"content":{"rendered":"<p><em><strong>Par Georges Panker, membre du cercle d&#8217;Etude de la D\u00e9portation et de la Shoah<\/strong><\/em><\/p>\n<p>Albert Einstein na\u00eet \u00e0 Ulm (Allemagne) le 14 mars 1879 dans une famille juive assimil\u00e9e de la petite bourgeoisie. Peu apr\u00e8s la famille Einstein s\u2019installe \u00e0 Munich o\u00f9 Albert effectuera ses \u00e9tudes secondaires dans un lyc\u00e9e catholique.<\/p>\n<p>Bien que non pratiquants, ses parents lui font donner une instruction religieuse et le petit Albert se prend au jeu allant jusqu\u2019\u00e0 leur reprocher de ne pas observer les r\u00e8gles.<\/p>\n<p>Mais d\u00e8s l\u2019adolescence, il commence \u00e0 lire des ouvrages philosophiques et scientifiques et va rejeter d\u00e9finitivement toute pratique religieuse.<\/p>\n<p>En 1895, \u00e2g\u00e9 de 15 ans, il d\u00e9cide de quitter l\u2019Allemagne, \u00e0 la fois pour \u00e9chapper \u00e0 la discipline pesante du lyc\u00e9e et au service militaire. Apr\u00e8s avoir rejoint ses parents en Italie, qui s\u2019y \u00e9taient install\u00e9s depuis peu, il \u00e9migre en Suisse dont il deviendra citoyen quelques ann\u00e9es plus tard.<\/p>\n<p>Apr\u00e8s des \u00e9tudes \u00e0 l\u2019Ecole Polytechnique de Zurich (o\u00f9 il fera la connaissance de sa future femme, Mileva Maric, avec qui il aura trois enfants) et ne trouvant pas de poste universitaire \u00e0 sa sortie de l\u2019\u00e9cole, il obtient gr\u00e2ce \u00e0 un camarade un emploi \u00e0 l\u2019Office des Brevets \u00e0 Berne o\u00f9 il restera jusqu\u2019en 1909.<\/p>\n<p>C\u2019est durant cette p\u00e9riode qu\u2019Einstein jettera les bases de la Physique moderne avec la Th\u00e9orie de la Relativit\u00e9 et avec ses travaux sur les Quanta de lumi\u00e8re qui lui vaudront le Prix Nobel 1921.<\/p>\n<p>Pendant la premi\u00e8re partie de sa vie, Einstein se consacre surtout \u00e0 l\u2019\u00e9laboration de la Relativit\u00e9 qui sera achev\u00e9e en 1915. Le juda\u00efsme est pour lui un \u00e9tat de fait qui ne le pr\u00e9occupe gu\u00e8re.<\/p>\n<p>C\u2019est lors de son s\u00e9jour \u00e0 Prague en 1911 (\u00e0 l\u2019\u00e9poque dans l\u2019Empire Austro-Hongrois) o\u00f9 il est nomm\u00e9 professeur \u00e0 l\u2019Universit\u00e9 de langue allemande qu\u2019il reprend contact avec le juda\u00efsme.<\/p>\n<p>La ville comporte un minorit\u00e9 juive importante parmi laquelle les milieux sionistes sont tr\u00e8s actifs.<\/p>\n<p>Einstein va \u00eatre entra\u00een\u00e9 dans la spirale des \u00e9v\u00e8nements cons\u00e9cutifs \u00e0 la 1\u00e8re Guerre mondiale.<\/p>\n<p>Nomm\u00e9 Directeur de l\u2019Institut de Physique de Berlin en 1914, quelques mois avant le d\u00e9clenchement de la guerre il est tr\u00e8s vite en butte \u00e0 l\u2019hostilit\u00e9 des milieux nationalistes et antis\u00e9mites, \u00e0 la fois comme \u00e9tranger, juif et pacifiste.<\/p>\n<p>Devenu c\u00e9l\u00e8bre dans le monde entier en 1919, \u00e0 la suite de la v\u00e9rification exp\u00e9rimentale de sa Th\u00e9orie lors d\u2019une \u00e9clipse solaire, il devient la cible privil\u00e9gi\u00e9e de ces milieux : ses conf\u00e9rences sont perturb\u00e9es par des agitateurs et devront \u00eatre gard\u00e9es par la police et des articles sont publi\u00e9s dans les journaux traitant la Relativit\u00e9 de science juive.<\/p>\n<p>Pour \u00e9chapper \u00e0 ce climat, il entreprend des voyages \u00e0 l\u2019\u00e9tranger : en 1921 il accompagne Cha\u00efm Weizmann aux Etats-Unis en vue de r\u00e9colter des fonds destin\u00e9s \u00e0 la cr\u00e9ation d\u2019une Universit\u00e9 \u00e0 J\u00e9rusalem ; en 1922 il se rend au Japon.<\/p>\n<p>Au retour, il s\u2019arr\u00eate en Palestine au printemps 1923 o\u00f9 il s\u00e9journe plusieurs semaines. Il a des contacts avec les dirigeants du Yichouv qu\u2019il met en garde sur la n\u00e9cessit\u00e9 d\u2019une entente avec la communaut\u00e9 arabe de Palestine.<\/p>\n<p>Etant pacifiste et oppos\u00e9 aux doctrines nationalistes, il pr\u00f4ne \u00e0 l\u2019\u00e9poque la construction d\u2019un Etat bi-national en Palestine. Il se ralliera au sionisme ult\u00e9rieurement par r\u00e9alisme politique avec l\u2019arriv\u00e9e des premiers r\u00e9fugi\u00e9s fuyant l\u2019Allemagne nazie.<\/p>\n<p>D\u00e8s 1920, il assiste \u00e0 la mont\u00e9e des nationalismes et \u00e0 l\u2019\u00e9mergence du nazisme.<\/p>\n<p>En 1922, Walther Rathenau, Ministre des Affaires Etrang\u00e8res et d\u2019origine juive, est assassin\u00e9 par les milieux nationalistes ; cet \u00e9v\u00e8nement affecte profond\u00e9ment Einstein, qui d\u00e9clare que les nazis seront au pouvoir dans moins de 10 ans.<\/p>\n<p>Le 30 janvier 1933, jour de la nomination de Hitler au poste de chancelier, Einstein se trouve aux Etats-Unis. Il ne reviendra plus jamais en Allemagne et s\u2019installera d\u00e9finitivement \u00e0 Princeton (New Jersey) avec sa seconde \u00e9pouse Elsa et sa belle-fille Margot qu\u2019il adoptera. Einstein deviendra citoyen am\u00e9ricain en 1940 et travaillera jusqu\u2019\u00e0 la fin de sa vie \u00e0 l\u2019Institut des Etudes Avanc\u00e9es.<\/p>\n<p>Peu de temps apr\u00e8s l\u2019arriv\u00e9e des nazis au pouvoir, ses biens sont confisqu\u00e9s en Allemagne et ses \u00e9crits br\u00fbl\u00e9s.<\/p>\n<p>D\u00e8s lors, mettant de c\u00f4t\u00e9 ses convictions pacifistes, Einstein s\u2019implique directement dans la lutte contre le r\u00e9gime nazi : il se porte caution sur ses biens personnels pour faire sortir d\u2019Allemagne et les accueillir aux Etats-Unis plusieurs scientifiques et adresse une lettre au Pr\u00e9sident Roosevelt en 1939 l\u2019incitant \u00e0 entreprendre la mise au point d&#8217;une bombe atomique, lettre qu\u2019il regrettera d\u00e8s Hiroshima.<\/p>\n<p>Contrairement \u00e0 la croyance g\u00e9n\u00e9rale, il n\u2019a toutefois pris aucune part \u00e0 la mise au point de la bombe, en raison de la m\u00e9fiance des autorit\u00e9s \u00e0 son \u00e9gard qui le consid\u00e9raient comme anarchiste et pacifiste.<\/p>\n<p>En 1952, \u00e0 la mort de Weizmann, Ben Gourion lui propose d\u2019\u00eatre le second pr\u00e9sident de l\u2019Etat d\u2019Isra\u00ebl, poste qu\u2019il refuse.<\/p>\n<p>Einstein meurt le 18 avril 1955 \u00e0 l\u2019h\u00f4pital de Princeton. Ses \u00e9crits ont \u00e9t\u00e9 l\u00e9gu\u00e9s \u00e0 l\u2019Universit\u00e9 de J\u00e9rusalem.<\/p>\n<p>Sa conception du juda\u00efsme peut \u00eatre r\u00e9sum\u00e9e par la formule \u2019\u2019Ni religion, ni assimilation\u2019\u2019, selon sa propre expression.<\/p>\n<p>Einstein est croyant, mais au sens de Spinoza qu\u2019il admirait et dont il avait le portrait dans son bureau. Il rejette l\u2019id\u00e9e d\u2019un Dieu personnel qui s\u2019int\u00e9resserait au sort des hommes ; pour lui Dieu est r\u00e9v\u00e9l\u00e9 par la beaut\u00e9 et l\u2019harmonie de l\u2019Univers.<\/p>\n<p>Bien que n\u2019ayant aucune pratique, il se sent profond\u00e9ment appartenir au peuple juif : le juda\u00efsme est fond\u00e9 pour lui plus sur des valeurs morales de justice et de libert\u00e9 que sur les lois de la Thorah.<\/p>\n<p>En m\u00eame temps il fustigera l\u2019attitude m\u00e9prisante des Juifs allemands envers les r\u00e9fugi\u00e9s venus d\u2019Europe centrale et s\u2019impliquera concr\u00e8tement dans le soutien aux r\u00e9fugi\u00e9s en devenant en 1923 Pr\u00e9sident de l\u2019Union mondiale OSE ainsi qu\u2019en participant \u00e0 des galas de soutien pour l\u2019OSE et l\u2019ORT \u00e0 de nombreuses reprises.<\/p>\n<p>Avec sa mort la communaut\u00e9 scientifique perd l\u2019homme qui a ouvert la voie \u00e0 la physique du XXI\u00e9me si\u00e8cle et le monde un citoyen.<\/p>\n","protected":false},"excerpt":{"rendered":"<p>Par Georges Panker, membre du cercle d&#8217;Etude de la D\u00e9portation et de la Shoah Albert Einstein na\u00eet \u00e0 Ulm (Allemagne)<\/p>\n","protected":false},"author":1,"featured_media":0,"comment_status":"open","ping_status":"open","sticky":false,"template":"","format":"standard","meta":{"_mi_skip_tracking":false,"_exactmetrics_sitenote_active":false,"_exactmetrics_sitenote_note":"","_exactmetrics_sitenote_category":0,"footnotes":""},"categories":[37],"tags":[72],"table_tags":[],"_links":{"self":[{"href":"https:\/\/aifonline.net\/index.php?rest_route=\/wp\/v2\/posts\/2766"}],"collection":[{"href":"https:\/\/aifonline.net\/index.php?rest_route=\/wp\/v2\/posts"}],"about":[{"href":"https:\/\/aifonline.net\/index.php?rest_route=\/wp\/v2\/types\/post"}],"author":[{"embeddable":true,"href":"https:\/\/aifonline.net\/index.php?rest_route=\/wp\/v2\/users\/1"}],"replies":[{"embeddable":true,"href":"https:\/\/aifonline.net\/index.php?rest_route=%2Fwp%2Fv2%2Fcomments&post=2766"}],"version-history":[{"count":2,"href":"https:\/\/aifonline.net\/index.php?rest_route=\/wp\/v2\/posts\/2766\/revisions"}],"predecessor-version":[{"id":2769,"href":"https:\/\/aifonline.net\/index.php?rest_route=\/wp\/v2\/posts\/2766\/revisions\/2769"}],"wp:attachment":[{"href":"https:\/\/aifonline.net\/index.php?rest_route=%2Fwp%2Fv2%2Fmedia&parent=2766"}],"wp:term":[{"taxonomy":"category","embeddable":true,"href":"https:\/\/aifonline.net\/index.php?rest_route=%2Fwp%2Fv2%2Fcategories&post=2766"},{"taxonomy":"post_tag","embeddable":true,"href":"https:\/\/aifonline.net\/index.php?rest_route=%2Fwp%2Fv2%2Ftags&post=2766"},{"taxonomy":"table_tags","embeddable":true,"href":"https:\/\/aifonline.net\/index.php?rest_route=%2Fwp%2Fv2%2Ftable_tags&post=2766"}],"curies":[{"name":"wp","href":"https:\/\/api.w.org\/{rel}","templated":true}]}}